{"id":17628,"date":"2025-05-01T12:12:00","date_gmt":"2025-05-01T12:12:00","guid":{"rendered":"https:\/\/packit.eu\/50-jahre-wachstum-innovation\/"},"modified":"2025-10-06T12:04:03","modified_gmt":"2025-10-06T12:04:03","slug":"50-jahre-wachstum-innovation","status":"publish","type":"post","link":"https:\/\/packit.eu\/de\/50-jahre-wachstum-innovation\/","title":{"rendered":"50 Jahre Wachstum &amp; Innovation"},"content":{"rendered":"\t\t<div data-elementor-type=\"wp-post\" data-elementor-id=\"17628\" class=\"elementor elementor-17628 elementor-9764\" data-elementor-post-type=\"post\">\n\t\t\t\t<div class=\"elementor-element elementor-element-1685cb86 e-con-full sp-s full e-flex e-con e-child\" data-id=\"1685cb86\" data-element_type=\"container\" data-e-type=\"container\">\n\t\t\t\t<div class=\"elementor-element elementor-element-54c0c00d elementor-widget elementor-widget-text-editor\" data-id=\"54c0c00d\" data-element_type=\"widget\" data-e-type=\"widget\" data-widget_type=\"text-editor.default\">\n\t\t\t\t\t\t\t\t\tWir geh\u00f6ren zu den gr\u00f6\u00dften Lieferanten in Europa f\u00fcr unter anderem K\u00fcchenfolien, M\u00fclls\u00e4cke und wiederverwendbare Einkaufstaschen. Unsere Produkte sind unter anderem bei Action, Albert Heijn, Jumbo und Zeeman erh\u00e4ltlich.  \t\t\t\t\t\t\t\t<\/div>\n\t\t\t\t<\/div>\n\t\t<div class=\"elementor-element elementor-element-65c5c7ae e-con-full sp-s full e-flex e-con e-child\" data-id=\"65c5c7ae\" data-element_type=\"container\" data-e-type=\"container\">\n\t\t\t\t<div class=\"elementor-element elementor-element-6ae94c8b elementor-widget elementor-widget-image\" data-id=\"6ae94c8b\" data-element_type=\"widget\" data-e-type=\"widget\" data-widget_type=\"image.default\">\n\t\t\t\t\t\t\t\t\t\t\t\t\t\t\t<img fetchpriority=\"high\" decoding=\"async\" width=\"2048\" height=\"1062\" src=\"https:\/\/packit.eu\/wp-content\/uploads\/2025\/09\/KFV_Packit_50_jaar_LR-3965-e1757593431255.jpg\" class=\"attachment-2048x2048 size-2048x2048 wp-image-17544\" alt=\"Packit Way\" srcset=\"https:\/\/packit.eu\/wp-content\/uploads\/2025\/09\/KFV_Packit_50_jaar_LR-3965-e1757593431255.jpg 2048w, https:\/\/packit.eu\/wp-content\/uploads\/2025\/09\/KFV_Packit_50_jaar_LR-3965-e1757593431255-300x156.jpg 300w, https:\/\/packit.eu\/wp-content\/uploads\/2025\/09\/KFV_Packit_50_jaar_LR-3965-e1757593431255-1024x531.jpg 1024w, https:\/\/packit.eu\/wp-content\/uploads\/2025\/09\/KFV_Packit_50_jaar_LR-3965-e1757593431255-768x398.jpg 768w, https:\/\/packit.eu\/wp-content\/uploads\/2025\/09\/KFV_Packit_50_jaar_LR-3965-e1757593431255-1536x797.jpg 1536w\" sizes=\"(max-width: 2048px) 100vw, 2048px\" \/>\t\t\t\t\t\t\t\t\t\t\t\t\t\t\t<\/div>\n\t\t\t\t<\/div>\n\t\t<div class=\"elementor-element elementor-element-af2e331 e-con-full sp-s full e-flex e-con e-child\" data-id=\"af2e331\" data-element_type=\"container\" data-e-type=\"container\">\n\t\t\t\t<div class=\"elementor-element elementor-element-8eade92 elementor-widget elementor-widget-text-editor\" data-id=\"8eade92\" data-element_type=\"widget\" data-e-type=\"widget\" data-widget_type=\"text-editor.default\">\n\t\t\t\t\t\t\t\t\t<p>Inhaber Leen Paardekooper wuchs zwischen Verpackungen auf. Er arbeitete bis 2010 in dem Familienunternehmen, das 1919 von seinem Gro\u00dfvater gegr\u00fcndet wurde. Dann hielt er es f\u00fcr Zeit, einen anderen Kurs einzuschlagen. Nach einem Sabbatical und verschiedenen Beratungst\u00e4tigkeiten kreuzte ITH Complast seinen Weg. Das Familienunternehmen aus Andelst in Gelderland zeigte laut Leen beeindruckende Ergebnisse.    <\/p><p>Leen erz\u00e4hlt: \u201eITH war ein kleines Unternehmen mit nur zehn Mitarbeitern, aber die Zahlen waren beeindruckend. Das Unternehmen wurde 1975 vom Vater des damaligen Eigent\u00fcmers gegr\u00fcndet.\u201c In ITH fand Leen genau das, wonach er suchte: ein \u00e4u\u00dferst effizientes Familienunternehmen in einer Branche, in der er aufgewachsen war. <\/p>\t\t\t\t\t\t\t\t<\/div>\n\t\t\t\t<\/div>\n\t\t<div class=\"elementor-element elementor-element-72722fbe e-con-full sp-s full e-flex e-con e-child\" data-id=\"72722fbe\" data-element_type=\"container\" data-e-type=\"container\">\n\t\t\t\t<div class=\"elementor-element elementor-element-74687a23 elementor-widget elementor-widget-heading\" data-id=\"74687a23\" data-element_type=\"widget\" data-e-type=\"widget\" data-widget_type=\"heading.default\">\n\t\t\t\t\t<h3 class=\"elementor-heading-title elementor-size-default\">Strategische \u00dcbernahme<\/h3>\t\t\t\t<\/div>\n\t\t\t\t<div class=\"elementor-element elementor-element-4535ce8c elementor-widget elementor-widget-text-editor\" data-id=\"4535ce8c\" data-element_type=\"widget\" data-e-type=\"widget\" data-widget_type=\"text-editor.default\">\n\t\t\t\t\t\t\t\t\tLeen \u00fcbernahm 2013 die Anteile von ITH Complast, und dabei blieb es nicht. Leen erz\u00e4hlt: \u201eWir hatten zu diesem Zeitpunkt in den Niederlanden einen gro\u00dfen Konkurrenten, und das war Packit aus Wijchen. Die beiden Unternehmen taten nahezu dasselbe. Die \u00dcbernahme von Packit im Jahr 2015 bedeutete f\u00fcr uns eine gute Gelegenheit, unsere Marktposition zu st\u00e4rken. Wir haben einen Wettbewerb f\u00fcr die Mitarbeiter organisiert, um einen neuen Firmennamen zu finden. Die Wahl fiel schlie\u00dflich auf Packit. Neu ist nicht immer besser. Packit bringt kurz und pr\u00e4gnant zum Ausdruck, wof\u00fcr wir stehen: Wir sind eine No-Nonsense-Organisation, die gro\u00dfen europ\u00e4ischen Einzelh\u00e4ndlern und Gro\u00dfh\u00e4ndlern hilft, in der Kategorie Haushaltsprodukte erfolgreich und profitabel zu sein.\u201c \nEs handelt sich um Produkte wie K\u00fcchenfolien, M\u00fclls\u00e4cke, Tragetaschen, Geschirr und Reinigungsprodukte. Wir unterst\u00fctzen Einzelh\u00e4ndler bei der Zusammenstellung eines kosteneffizienten Sortiments, das den aktuellen Gesetzen und Vorschriften sowie h\u00f6chsten Qualit\u00e4tsstandards entspricht. Das Unternehmen verf\u00fcgt \u00fcber mehrere Eigenmarken, darunter Dumil\u00ae, Julia, Daili, Smile und Sophiegreen, und entwickelt und produziert Eigenmarken.   \n\t\t\t\t\t\t\t\t<\/div>\n\t\t\t\t<\/div>\n\t\t<div class=\"elementor-element elementor-element-75b9479 e-con-full sp-s full e-flex e-con e-child\" data-id=\"75b9479\" data-element_type=\"container\" data-e-type=\"container\">\n\t\t\t\t<div class=\"elementor-element elementor-element-66c38fb elementor-widget elementor-widget-image\" data-id=\"66c38fb\" data-element_type=\"widget\" data-e-type=\"widget\" data-widget_type=\"image.default\">\n\t\t\t\t\t\t\t\t\t\t\t\t\t\t\t<img decoding=\"async\" width=\"2048\" height=\"1120\" src=\"https:\/\/packit.eu\/wp-content\/uploads\/2025\/09\/KFV_Packit_Duitsland_LR-22-1-e1757593354119.jpg\" class=\"attachment-2048x2048 size-2048x2048 wp-image-17545\" alt=\"Packit -\" srcset=\"https:\/\/packit.eu\/wp-content\/uploads\/2025\/09\/KFV_Packit_Duitsland_LR-22-1-e1757593354119.jpg 2048w, https:\/\/packit.eu\/wp-content\/uploads\/2025\/09\/KFV_Packit_Duitsland_LR-22-1-e1757593354119-300x164.jpg 300w, https:\/\/packit.eu\/wp-content\/uploads\/2025\/09\/KFV_Packit_Duitsland_LR-22-1-e1757593354119-1024x560.jpg 1024w, https:\/\/packit.eu\/wp-content\/uploads\/2025\/09\/KFV_Packit_Duitsland_LR-22-1-e1757593354119-768x420.jpg 768w, https:\/\/packit.eu\/wp-content\/uploads\/2025\/09\/KFV_Packit_Duitsland_LR-22-1-e1757593354119-1536x840.jpg 1536w\" sizes=\"(max-width: 2048px) 100vw, 2048px\">\t\t\t\t\t\t\t\t\t\t\t\t\t\t\t<\/div>\n\t\t\t\t<\/div>\n\t\t<div class=\"elementor-element elementor-element-c68ffef e-con-full sp-s full e-flex e-con e-child\" data-id=\"c68ffef\" data-element_type=\"container\" data-e-type=\"container\">\n\t\t\t\t<div class=\"elementor-element elementor-element-9329d8f elementor-widget elementor-widget-heading\" data-id=\"9329d8f\" data-element_type=\"widget\" data-e-type=\"widget\" data-widget_type=\"heading.default\">\n\t\t\t\t\t<h3 class=\"elementor-heading-title elementor-size-default\">Autonomes Wachstum<\/h3>\t\t\t\t<\/div>\n\t\t\t\t<div class=\"elementor-element elementor-element-871c9fa elementor-widget elementor-widget-text-editor\" data-id=\"871c9fa\" data-element_type=\"widget\" data-e-type=\"widget\" data-widget_type=\"text-editor.default\">\n\t\t\t\t\t\t\t\t\tDie letzten zehn Jahre waren laut Leen von autonomem Wachstum gepr\u00e4gt. \u201eWir sind immer noch enorm effizient organisiert. Derzeit arbeiten 37 Mitarbeiter bei uns. Gemeinsam bedienen wir die bekannten europ\u00e4ischen Einzelh\u00e4ndler mit einem Konsumentenwert von 400 Millionen Euro. Und diese Zahl w\u00e4chst.\u201c  \nUm einen Eindruck von der Tatkraft von Packit zu vermitteln, nennt Marijn Paardekooper einige Zahlen: \u201eWir verkaufen zwei Millionen Taschen pro Woche und eine Milliarde Becher pro Jahr. Mit unseren Folien haben wir in einem Jahr bereits mehr als 31 Mal die L\u00e4nge der Chinesischen Mauer ausgerollt \u2013 beeindruckende 21.000 Kilometer pro Runde!\u201c \n\t\t\t\t\t\t\t\t<\/div>\n\t\t\t\t<\/div>\n\t\t<div class=\"elementor-element elementor-element-4e34c2fe e-con-full sp-s e-flex e-con e-child\" data-id=\"4e34c2fe\" data-element_type=\"container\" data-e-type=\"container\">\n\t\t\t\t<div class=\"elementor-element elementor-element-16ee773 elementor-widget elementor-widget-text-editor\" data-id=\"16ee773\" data-element_type=\"widget\" data-e-type=\"widget\" data-widget_type=\"text-editor.default\">\n\t\t\t\t\t\t\t\t\t\u201eMIT UNSEREN FOLIEN HABEN WIR IN EINEM JAHR BEREITS MEHR ALS 31 MAL DIE L\u00c4NGE DER CHINESISCHEN MAUER AUSGEROLLT, BEEINDRUCKENDE 21.000 KM PRO RUNDE.\u201c \u2013 MARIJN PAARDEKOOPER \t\t\t\t\t\t\t\t<\/div>\n\t\t\t\t<\/div>\n\t\t<div class=\"elementor-element elementor-element-63b74fc e-con-full sp-s full e-flex e-con e-child\" data-id=\"63b74fc\" data-element_type=\"container\" data-e-type=\"container\">\n\t\t\t\t<div class=\"elementor-element elementor-element-0e4365c elementor-widget elementor-widget-heading\" data-id=\"0e4365c\" data-element_type=\"widget\" data-e-type=\"widget\" data-widget_type=\"heading.default\">\n\t\t\t\t\t<h3 class=\"elementor-heading-title elementor-size-default\">No-Nonsense <\/h3>\t\t\t\t<\/div>\n\t\t\t\t<div class=\"elementor-element elementor-element-e7144f1 elementor-widget elementor-widget-text-editor\" data-id=\"e7144f1\" data-element_type=\"widget\" data-e-type=\"widget\" data-widget_type=\"text-editor.default\">\n\t\t\t\t\t\t\t\t\t<p>Packit ist seit 2019 in Oud-Beijerland ans\u00e4ssig. F\u00fcr Leen, der selbst in der Hoeksche Waard wohnt, nicht nur eine praktische Wahl. Er erkl\u00e4rt: \u201eDie Mentalit\u00e4t hier ist eine von Anpacken, No-Nonsense und N\u00fcchternheit. Das gef\u00e4llt uns sehr gut. Anpacken und etwas erreichen. Das hat dazu gef\u00fchrt, dass wir dort stehen, wo wir heute sind.\u201c  <\/p><p>Neben dem B\u00fcro in Oud-Beijerland verf\u00fcgt Packit \u00fcber internationale Produktionsst\u00e4tten in Deutschland (wo sich auch ein zweites B\u00fcro befindet) und der Ukraine. Des Weiteren sind wir mit einer Agentur in Italien und Frankreich vertreten. Dieses Jahr hoffen wir, auch noch ein B\u00fcro in Polen und Rum\u00e4nien zu er\u00f6ffnen.  <\/p><p>\u201eAls Organisation haben wir durch die weitere Automatisierung von Prozessen einen erheblichen Effizienzsprung gemacht\u201c, f\u00e4hrt Leen fort. \u201eK\u00fcrzlich haben wir beispielsweise ein neues ERP-System in Betrieb genommen. Dar\u00fcber hinaus arbeiten wir mit Partnern f\u00fcr Angelegenheiten zusammen, die nicht direkt zu unserem Kerngesch\u00e4ft geh\u00f6ren, wodurch Overhead zu einem Vorteil wird. Wir arbeiten bevorzugt mit lokalen Partnern zusammen. F\u00fcr unsere Logistik arbeiten wir seit Jahren mit Van der Mark zusammen. Wir verf\u00fcgen nun \u00fcber mehrere Lagerstandorte, die zusammen etwa 35.000 Palettenstellpl\u00e4tze bieten. Van der Mark wird in Puttershoek ein neues Geb\u00e4ude errichten. Dies wird ab n\u00e4chstem Jahr unser neuer Hauptsitz sein, damit wir unseren Warenumschlag zentralisieren k\u00f6nnen. Auch dies sorgt f\u00fcr mehr Effizienz.\u201c <\/p>\t\t\t\t\t\t\t\t<\/div>\n\t\t\t\t<\/div>\n\t\t<div class=\"elementor-element elementor-element-b039771 e-con-full sp-s full e-flex e-con e-child\" data-id=\"b039771\" data-element_type=\"container\" data-e-type=\"container\">\n\t\t\t\t<div class=\"elementor-element elementor-element-5ae3ab6 elementor-widget elementor-widget-image\" data-id=\"5ae3ab6\" data-element_type=\"widget\" data-e-type=\"widget\" data-widget_type=\"image.default\">\n\t\t\t\t\t\t\t\t\t\t\t\t\t\t\t<img decoding=\"async\" width=\"2048\" height=\"1050\" src=\"https:\/\/packit.eu\/wp-content\/uploads\/2025\/09\/KFV_Packit_14-04-2-2025_aangepast_LR-2440-e1757593834373.jpg\" class=\"attachment-2048x2048 size-2048x2048 wp-image-17546\" alt=\"Packit -\" srcset=\"https:\/\/packit.eu\/wp-content\/uploads\/2025\/09\/KFV_Packit_14-04-2-2025_aangepast_LR-2440-e1757593834373.jpg 2048w, https:\/\/packit.eu\/wp-content\/uploads\/2025\/09\/KFV_Packit_14-04-2-2025_aangepast_LR-2440-e1757593834373-300x154.jpg 300w, https:\/\/packit.eu\/wp-content\/uploads\/2025\/09\/KFV_Packit_14-04-2-2025_aangepast_LR-2440-e1757593834373-1024x525.jpg 1024w, https:\/\/packit.eu\/wp-content\/uploads\/2025\/09\/KFV_Packit_14-04-2-2025_aangepast_LR-2440-e1757593834373-768x394.jpg 768w, https:\/\/packit.eu\/wp-content\/uploads\/2025\/09\/KFV_Packit_14-04-2-2025_aangepast_LR-2440-e1757593834373-1536x788.jpg 1536w\" sizes=\"(max-width: 2048px) 100vw, 2048px\">\t\t\t\t\t\t\t\t\t\t\t\t\t\t\t<\/div>\n\t\t\t\t<\/div>\n\t\t<div class=\"elementor-element elementor-element-b95f53b e-con-full sp-s full e-flex e-con e-child\" data-id=\"b95f53b\" data-element_type=\"container\" data-e-type=\"container\">\n\t\t\t\t<div class=\"elementor-element elementor-element-1f43a6b elementor-widget elementor-widget-text-editor\" data-id=\"1f43a6b\" data-element_type=\"widget\" data-e-type=\"widget\" data-widget_type=\"text-editor.default\">\n\t\t\t\t\t\t\t\t\t\u201eWir streben eine Top-of-Mind-Position in Europa an\u201c, erg\u00e4nzt Marijn. \u201eDiese Geschichte in Hoeksche Zaken ist eine gute Gelegenheit, uns der Hoeksche Waard zu pr\u00e4sentieren. Die Menschen haben oft keine Ahnung, wie gro\u00df wir sind. Die Hoeksche Waard ist l\u00e4ngst nicht mehr die Insel der Zuckerr\u00fcben und Kartoffeln. Unsere Produkte werden in \u00fcber zwanzig europ\u00e4ischen L\u00e4ndern verkauft und sind t\u00e4glich in 190 Millionen Haushalten in Europa zu Hause. Es ist sehr wahrscheinlich, dass Sie eine Rolle K\u00fcchenfolie oder ein Waschparf\u00fcm von uns zu Hause haben.\u201c  \t\t\t\t\t\t\t\t<\/div>\n\t\t\t\t<\/div>\n\t\t<div class=\"elementor-element elementor-element-c6796f6 e-con-full sp-s full e-flex e-con e-child\" data-id=\"c6796f6\" data-element_type=\"container\" data-e-type=\"container\">\n\t\t\t\t<div class=\"elementor-element elementor-element-db10d17 elementor-widget elementor-widget-heading\" data-id=\"db10d17\" data-element_type=\"widget\" data-e-type=\"widget\" data-widget_type=\"heading.default\">\n\t\t\t\t\t<h3 class=\"elementor-heading-title elementor-size-default\">Familienunternehmen<\/h3>\t\t\t\t<\/div>\n\t\t\t\t<div class=\"elementor-element elementor-element-dada087 elementor-widget elementor-widget-text-editor\" data-id=\"dada087\" data-element_type=\"widget\" data-e-type=\"widget\" data-widget_type=\"text-editor.default\">\n\t\t\t\t\t\t\t\t\tDies macht es laut den Herren besonders angenehm, bei Packit zu arbeiten, abgesehen davon, dass man f\u00fcr die Arbeit die Insel nicht verlassen muss. Leen: \u201eUnsere Produkte sind greifbar und visuell. Ob Sie Action oder Gamma betreten oder an einem Nachbarschaftsgrillfest teilnehmen, \u00fcberall werden unsere Produkte dank unserer Mitarbeiter verwendet. Denn von der Verwaltung \u00fcber den Einkauf bis zum Vertrieb spielt jeder eine Rolle in der Lieferkette.\u201c \n\n\u201eEs sorgt auch f\u00fcr Engagement\u201c, bemerkt Marijn. \u201eDie Menschen besch\u00e4ftigen sich sogar im Urlaub mit Verpackungen. Das gesamte Unternehmen ist auf der Suche nach innovativen Verpackungen und neuen Anwendungen. Das ist doch toll! Wir sind ein eng verbundenes Familienunternehmen mit kurzen Wegen und einer offenen Struktur. Die gem\u00fctliche Bar l\u00e4dt zu guten Gespr\u00e4chen ein, und hier entstehen die besten Ideen. In den letzten Jahren sind wir auch als Team gewachsen, in Quantit\u00e4t und Qualit\u00e4t.\u201c \t\t\t\t\t\t\t\t<\/div>\n\t\t\t\t<\/div>\n\t\t<div class=\"elementor-element elementor-element-a08e987 e-con-full sp-s full e-flex e-con e-child\" data-id=\"a08e987\" data-element_type=\"container\" data-e-type=\"container\">\n\t\t\t\t<div class=\"elementor-element elementor-element-b187a5e elementor-widget elementor-widget-image\" data-id=\"b187a5e\" data-element_type=\"widget\" data-e-type=\"widget\" data-widget_type=\"image.default\">\n\t\t\t\t\t\t\t\t\t\t\t\t\t\t\t<img loading=\"lazy\" decoding=\"async\" width=\"2048\" height=\"1222\" src=\"https:\/\/packit.eu\/wp-content\/uploads\/2025\/09\/KFV_Packit_50_jaar_LR-3666-e1757594132160.jpg\" class=\"attachment-2048x2048 size-2048x2048 wp-image-17547\" alt=\"Marijn Paardekooper\" srcset=\"https:\/\/packit.eu\/wp-content\/uploads\/2025\/09\/KFV_Packit_50_jaar_LR-3666-e1757594132160.jpg 2048w, https:\/\/packit.eu\/wp-content\/uploads\/2025\/09\/KFV_Packit_50_jaar_LR-3666-e1757594132160-300x179.jpg 300w, https:\/\/packit.eu\/wp-content\/uploads\/2025\/09\/KFV_Packit_50_jaar_LR-3666-e1757594132160-1024x611.jpg 1024w, https:\/\/packit.eu\/wp-content\/uploads\/2025\/09\/KFV_Packit_50_jaar_LR-3666-e1757594132160-768x458.jpg 768w, https:\/\/packit.eu\/wp-content\/uploads\/2025\/09\/KFV_Packit_50_jaar_LR-3666-e1757594132160-1536x917.jpg 1536w\" sizes=\"(max-width: 2048px) 100vw, 2048px\" \/>\t\t\t\t\t\t\t\t\t\t\t\t\t\t\t<\/div>\n\t\t\t\t<\/div>\n\t\t<div class=\"elementor-element elementor-element-44d00d6 e-con-full sp-s full e-flex e-con e-child\" data-id=\"44d00d6\" data-element_type=\"container\" data-e-type=\"container\">\n\t\t\t\t<div class=\"elementor-element elementor-element-db3c648 elementor-widget elementor-widget-heading\" data-id=\"db3c648\" data-element_type=\"widget\" data-e-type=\"widget\" data-widget_type=\"heading.default\">\n\t\t\t\t\t<h3 class=\"elementor-heading-title elementor-size-default\">Bereit f\u00fcr die Zukunft <\/h3>\t\t\t\t<\/div>\n\t\t\t\t<div class=\"elementor-element elementor-element-d7ac989 elementor-widget elementor-widget-text-editor\" data-id=\"d7ac989\" data-element_type=\"widget\" data-e-type=\"widget\" data-widget_type=\"text-editor.default\">\n\t\t\t\t\t\t\t\t\t<p>Leen: \u201eUnsere Branche steht unter dem Brennglas, wenn es um Nachhaltigkeit und Qualit\u00e4t geht. Wo wir fr\u00fcher einen Qualit\u00e4tsmitarbeiter hatten, sind es jetzt f\u00fcnf. Fr\u00fcher entnahm der Qualit\u00e4tsmitarbeiter ein paar Proben aus dem LKW, um die Qualit\u00e4t zu \u00fcberpr\u00fcfen. Jetzt besch\u00e4ftigen sich drei Personen mit Gesetzen und Vorschriften, Daten, R\u00fcckverfolgbarkeit und Prozessoptimierung, und zwei Personen sind Vollzeit damit besch\u00e4ftigt, die physische Qualit\u00e4t unserer Produkte zu \u00fcberpr\u00fcfen. Wir haben uns zu einem professionellen Akteur entwickelt.\u201c<\/p><p>All diese Entwicklungen und der bevorstehende Umzug in ein neues Geb\u00e4ude markieren den Beginn einer neuen Phase. Leen: \u201eMit dem Neubau sind wir bereit, unseren Umsatz zu verdoppeln. Wir sind immer unter dem Radar geblieben, aber jetzt ist es Zeit, an die \u00d6ffentlichkeit zu treten. Wir arbeiten hinter den Kulissen an einer neuen Positionierung, mit der wir Packit bekannt machen wollen. Wir wollen Europa weiter erobern und unsere Kundenverteilung optimieren, damit wir f\u00fcr die Zukunft stark aufgestellt sind. Auf zum n\u00e4chsten Jubil\u00e4um!\u201c <\/p><p>Lesen Sie auch unsere <a href=\"https:\/\/hoekschezaken.nl\/jubileum-packit-50-jaar-groei-innovatie\/\" target=\"_blank\" rel=\"noopener\">Publikation<\/a> in der Fr\u00fchjahrsausgabe von Hoeksche Zaken.<\/p>\t\t\t\t\t\t\t\t<\/div>\n\t\t\t\t<\/div>\n\t\t\t\t<\/div>\n\t\t","protected":false},"excerpt":{"rendered":"<p>Wir geh\u00f6ren zu den gr\u00f6\u00dften Lieferanten in Europa f\u00fcr unter anderem K\u00fcchenfolien, M\u00fclls\u00e4cke und wiederverwendbare Einkaufstaschen. Unsere Produkte sind unter anderem bei Action, Albert Heijn, Jumbo und Zeeman erh\u00e4ltlich. Inhaber Leen Paardekooper wuchs zwischen Verpackungen auf. Er arbeitete bis 2010 in dem Familienunternehmen, das 1919 von seinem Gro\u00dfvater gegr\u00fcndet wurde. Dann hielt er es f\u00fcr [&hellip;]<\/p>\n","protected":false},"author":2,"featured_media":17633,"comment_status":"closed","ping_status":"closed","sticky":false,"template":"","format":"standard","meta":{"_acf_changed":false,"inline_featured_image":false,"footnotes":""},"categories":[124],"tags":[139],"class_list":["post-17628","post","type-post","status-publish","format-standard","has-post-thumbnail","hentry","category-nicht-kategorisiert","tag-uber-uns"],"acf":[],"_links":{"self":[{"href":"https:\/\/packit.eu\/de\/wp-json\/wp\/v2\/posts\/17628","targetHints":{"allow":["GET"]}}],"collection":[{"href":"https:\/\/packit.eu\/de\/wp-json\/wp\/v2\/posts"}],"about":[{"href":"https:\/\/packit.eu\/de\/wp-json\/wp\/v2\/types\/post"}],"author":[{"embeddable":true,"href":"https:\/\/packit.eu\/de\/wp-json\/wp\/v2\/users\/2"}],"replies":[{"embeddable":true,"href":"https:\/\/packit.eu\/de\/wp-json\/wp\/v2\/comments?post=17628"}],"version-history":[{"count":1,"href":"https:\/\/packit.eu\/de\/wp-json\/wp\/v2\/posts\/17628\/revisions"}],"predecessor-version":[{"id":17635,"href":"https:\/\/packit.eu\/de\/wp-json\/wp\/v2\/posts\/17628\/revisions\/17635"}],"wp:featuredmedia":[{"embeddable":true,"href":"https:\/\/packit.eu\/de\/wp-json\/wp\/v2\/media\/17633"}],"wp:attachment":[{"href":"https:\/\/packit.eu\/de\/wp-json\/wp\/v2\/media?parent=17628"}],"wp:term":[{"taxonomy":"category","embeddable":true,"href":"https:\/\/packit.eu\/de\/wp-json\/wp\/v2\/categories?post=17628"},{"taxonomy":"post_tag","embeddable":true,"href":"https:\/\/packit.eu\/de\/wp-json\/wp\/v2\/tags?post=17628"}],"curies":[{"name":"wp","href":"https:\/\/api.w.org\/{rel}","templated":true}]}}