{"id":18412,"date":"2025-07-17T06:44:35","date_gmt":"2025-07-17T06:44:35","guid":{"rendered":"https:\/\/packit.eu\/packit-spendet-an-hospice-hoeksche-waard-zorg\/"},"modified":"2025-10-06T13:09:51","modified_gmt":"2025-10-06T13:09:51","slug":"packit-spendet-an-hospice-hoeksche-waard-zorg","status":"publish","type":"post","link":"https:\/\/packit.eu\/de\/packit-spendet-an-hospice-hoeksche-waard-zorg\/","title":{"rendered":"Packit spendet an Hospice Hoeksche Waard Zorg"},"content":{"rendered":"\t\t<div data-elementor-type=\"wp-post\" data-elementor-id=\"18412\" class=\"elementor elementor-18412 elementor-17261\" data-elementor-post-type=\"post\">\n\t\t\t\t<div class=\"elementor-element elementor-element-79a978aa e-con-full sp-s full e-flex e-con e-child\" data-id=\"79a978aa\" data-element_type=\"container\" data-e-type=\"container\">\n\t\t\t\t<div class=\"elementor-element elementor-element-3fed851c elementor-widget elementor-widget-text-editor\" data-id=\"3fed851c\" data-element_type=\"widget\" data-e-type=\"widget\" data-widget_type=\"text-editor.default\">\n\t\t\t\t\t\t\t\t\t<p>Eine dieser besonderen Initiativen ist Hospice Hoeksche Waard Zorg, ein Ort, an dem F\u00fcrsorge, Ruhe und Menschlichkeit in der letzten Lebensphase ihrer G\u00e4ste zusammenkommen.<\/p><p>Am vergangenen Mittwoch durften unsere Kollegen Marijn Paardekooper und Rik Bouman einen Scheck an Caroline (Koordinatorin) und Willy (Freiwillige) \u00fcberreichen. Der gespendete Betrag wird f\u00fcr die Installation von Klimaanlagen in den Zimmern und Gemeinschaftsr\u00e4umen verwendet. So k\u00f6nnen G\u00e4ste und ihre Angeh\u00f6rigen in dieser oft schwierigen Zeit in Ruhe und Komfort zusammen sein.  <\/p>\t\t\t\t\t\t\t\t<\/div>\n\t\t\t\t<\/div>\n\t\t<div class=\"elementor-element elementor-element-661b6479 e-con-full sp-s full e-flex e-con e-child\" data-id=\"661b6479\" data-element_type=\"container\" data-e-type=\"container\">\n\t\t\t\t<div class=\"elementor-element elementor-element-ceb9627 elementor-widget elementor-widget-image\" data-id=\"ceb9627\" data-element_type=\"widget\" data-e-type=\"widget\" data-widget_type=\"image.default\">\n\t\t\t\t\t\t\t\t\t\t\t\t\t\t\t<img fetchpriority=\"high\" decoding=\"async\" width=\"1536\" height=\"1990\" src=\"https:\/\/packit.eu\/wp-content\/uploads\/2025\/07\/IMG-20251002-WA0003-e1759388209436.jpg\" class=\"attachment-2048x2048 size-2048x2048 wp-image-18419\" alt=\"Hoeksche Waard Hospiz.\" srcset=\"https:\/\/packit.eu\/wp-content\/uploads\/2025\/07\/IMG-20251002-WA0003-e1759388209436.jpg 1536w, https:\/\/packit.eu\/wp-content\/uploads\/2025\/07\/IMG-20251002-WA0003-e1759388209436-232x300.jpg 232w, https:\/\/packit.eu\/wp-content\/uploads\/2025\/07\/IMG-20251002-WA0003-e1759388209436-790x1024.jpg 790w, https:\/\/packit.eu\/wp-content\/uploads\/2025\/07\/IMG-20251002-WA0003-e1759388209436-768x995.jpg 768w, https:\/\/packit.eu\/wp-content\/uploads\/2025\/07\/IMG-20251002-WA0003-e1759388209436-1186x1536.jpg 1186w\" sizes=\"(max-width: 1536px) 100vw, 1536px\" \/>\t\t\t\t\t\t\t\t\t\t\t\t\t\t\t<\/div>\n\t\t\t\t<\/div>\n\t\t<div class=\"elementor-element elementor-element-40c8aaac e-con-full sp-s e-flex e-con e-child\" data-id=\"40c8aaac\" data-element_type=\"container\" data-e-type=\"container\">\n\t\t\t\t<div class=\"elementor-element elementor-element-79cac353 elementor-widget elementor-widget-text-editor\" data-id=\"79cac353\" data-element_type=\"widget\" data-e-type=\"widget\" data-widget_type=\"text-editor.default\">\n\t\t\t\t\t\t\t\t\t<p>\u201eEs war beeindruckend zu sehen, wie viel Aufmerksamkeit und Herzlichkeit hier geboten wird\u201c, sagt Rik Bouman. \u201eMan sp\u00fcrt, dass dies ein Ort ist, an dem Menschen wirklich im Mittelpunkt stehen. Dass wir dazu beitragen d\u00fcrfen, macht unser Jubil\u00e4um besonders wertvoll.\u201c <\/p><p><strong>&#8211; Rik Bouman &#8211;<\/strong><\/p>\t\t\t\t\t\t\t\t<\/div>\n\t\t\t\t<\/div>\n\t\t<div class=\"elementor-element elementor-element-c68f4a9 e-con-full sp-s full e-flex e-con e-child\" data-id=\"c68f4a9\" data-element_type=\"container\" data-e-type=\"container\">\n\t\t\t\t<div class=\"elementor-element elementor-element-0e73a52 elementor-widget elementor-widget-text-editor\" data-id=\"0e73a52\" data-element_type=\"widget\" data-e-type=\"widget\" data-widget_type=\"text-editor.default\">\n\t\t\t\t\t\t\t\t\t<p>Nach der \u00dcbergabe erhielten wir eine F\u00fchrung durch das Hospiz. Es war beeindruckend zu sehen, wie viel Aufmerksamkeit, Herzlichkeit und pers\u00f6nliche F\u00fcrsorge hier t\u00e4glich geboten wird. Ein Ort, an dem Liebe sp\u00fcrbar ist und Menschen wirklich im Mittelpunkt stehen. Wir sind dankbar, dass wir auf diese Weise einen Beitrag leisten d\u00fcrfen.   <\/p><p><strong>F\u00fcrsorge und Engagement \u2013 auch das ist der Packit-Weg.<\/strong><\/p>\t\t\t\t\t\t\t\t<\/div>\n\t\t\t\t<\/div>\n\t\t\t\t<\/div>\n\t\t","protected":false},"excerpt":{"rendered":"<p>Eine dieser besonderen Initiativen ist Hospice Hoeksche Waard Zorg, ein Ort, an dem F\u00fcrsorge, Ruhe und Menschlichkeit in der letzten Lebensphase ihrer G\u00e4ste zusammenkommen. Am vergangenen Mittwoch durften unsere Kollegen Marijn Paardekooper und Rik Bouman einen Scheck an Caroline (Koordinatorin) und Willy (Freiwillige) \u00fcberreichen. Der gespendete Betrag wird f\u00fcr die Installation von Klimaanlagen in den [&hellip;]<\/p>\n","protected":false},"author":2,"featured_media":18418,"comment_status":"open","ping_status":"closed","sticky":false,"template":"","format":"standard","meta":{"_acf_changed":false,"inline_featured_image":false,"footnotes":""},"categories":[124],"tags":[],"class_list":["post-18412","post","type-post","status-publish","format-standard","has-post-thumbnail","hentry","category-nicht-kategorisiert"],"acf":[],"_links":{"self":[{"href":"https:\/\/packit.eu\/de\/wp-json\/wp\/v2\/posts\/18412","targetHints":{"allow":["GET"]}}],"collection":[{"href":"https:\/\/packit.eu\/de\/wp-json\/wp\/v2\/posts"}],"about":[{"href":"https:\/\/packit.eu\/de\/wp-json\/wp\/v2\/types\/post"}],"author":[{"embeddable":true,"href":"https:\/\/packit.eu\/de\/wp-json\/wp\/v2\/users\/2"}],"replies":[{"embeddable":true,"href":"https:\/\/packit.eu\/de\/wp-json\/wp\/v2\/comments?post=18412"}],"version-history":[{"count":1,"href":"https:\/\/packit.eu\/de\/wp-json\/wp\/v2\/posts\/18412\/revisions"}],"predecessor-version":[{"id":18420,"href":"https:\/\/packit.eu\/de\/wp-json\/wp\/v2\/posts\/18412\/revisions\/18420"}],"wp:featuredmedia":[{"embeddable":true,"href":"https:\/\/packit.eu\/de\/wp-json\/wp\/v2\/media\/18418"}],"wp:attachment":[{"href":"https:\/\/packit.eu\/de\/wp-json\/wp\/v2\/media?parent=18412"}],"wp:term":[{"taxonomy":"category","embeddable":true,"href":"https:\/\/packit.eu\/de\/wp-json\/wp\/v2\/categories?post=18412"},{"taxonomy":"post_tag","embeddable":true,"href":"https:\/\/packit.eu\/de\/wp-json\/wp\/v2\/tags?post=18412"}],"curies":[{"name":"wp","href":"https:\/\/api.w.org\/{rel}","templated":true}]}}