{"id":33374,"date":"2025-11-14T15:41:53","date_gmt":"2025-11-14T15:41:53","guid":{"rendered":"https:\/\/packit.eu\/aprender-juntos-crecer-juntos-el-metodo-packit\/"},"modified":"2026-02-05T11:25:42","modified_gmt":"2026-02-05T11:25:42","slug":"aprender-juntos-crecer-juntos-el-metodo-packit","status":"publish","type":"post","link":"https:\/\/packit.eu\/es\/aprender-juntos-crecer-juntos-el-metodo-packit\/","title":{"rendered":"Aprender juntos, crecer juntos. El m\u00e9todo Packit"},"content":{"rendered":"\t\t<div data-elementor-type=\"wp-post\" data-elementor-id=\"33374\" class=\"elementor elementor-33374 elementor-31250\" data-elementor-post-type=\"post\">\n\t\t\t\t<div class=\"elementor-element elementor-element-72722fbe e-con-full sp-s full e-flex e-con e-child\" data-id=\"72722fbe\" data-element_type=\"container\" data-e-type=\"container\">\n\t\t\t\t<div class=\"elementor-element elementor-element-74687a23 elementor-widget elementor-widget-heading\" data-id=\"74687a23\" data-element_type=\"widget\" data-e-type=\"widget\" data-widget_type=\"heading.default\">\n\t\t\t\t\t<h3 class=\"elementor-heading-title elementor-size-default\">Reflexi\u00f3n, inspiraci\u00f3n y acci\u00f3n<\/h3>\t\t\t\t<\/div>\n\t\t\t\t<div class=\"elementor-element elementor-element-4535ce8c elementor-widget elementor-widget-text-editor\" data-id=\"4535ce8c\" data-element_type=\"widget\" data-e-type=\"widget\" data-widget_type=\"text-editor.default\">\n\t\t\t\t\t\t\t\t\tBajo la direcci\u00f3n de Ilja, esta reuni\u00f3n se centr\u00f3 en tres pilares: mirar hacia atr\u00e1s, mirar hacia adelante y actuar. Reflexionamos sobre 2025, debatimos sobre nuestros principales aprendizajes y los tradujimos en planes concretos para 2026. Desde sesiones interactivas sobre el conocimiento del cliente y el trabajo basado en datos hasta el perfeccionamiento de nuestro enfoque de licitaci\u00f3n y el descubrimiento de nuevas categor\u00edas de productos, todo con un \u00fanico objetivo: crear valor para nuestros clientes y socios.  \t\t\t\t\t\t\t\t<\/div>\n\t\t\t\t<\/div>\n\t\t<div class=\"elementor-element elementor-element-75b9479 e-con-full sp-s full e-flex e-con e-child\" data-id=\"75b9479\" data-element_type=\"container\" data-e-type=\"container\">\n\t\t\t\t<div class=\"elementor-element elementor-element-66c38fb elementor-widget elementor-widget-image\" data-id=\"66c38fb\" data-element_type=\"widget\" data-e-type=\"widget\" data-widget_type=\"image.default\">\n\t\t\t\t\t\t\t\t\t\t\t\t\t\t\t<img fetchpriority=\"high\" decoding=\"async\" width=\"2048\" height=\"1536\" src=\"https:\/\/packit.eu\/wp-content\/uploads\/2025\/11\/IMG-20251114-WA0033.jpg\" class=\"attachment-2048x2048 size-2048x2048 wp-image-33381\" alt=\"Reuni\u00f3n internacional de ventas\" srcset=\"https:\/\/packit.eu\/wp-content\/uploads\/2025\/11\/IMG-20251114-WA0033.jpg 2048w, https:\/\/packit.eu\/wp-content\/uploads\/2025\/11\/IMG-20251114-WA0033-300x225.jpg 300w, https:\/\/packit.eu\/wp-content\/uploads\/2025\/11\/IMG-20251114-WA0033-1024x768.jpg 1024w, https:\/\/packit.eu\/wp-content\/uploads\/2025\/11\/IMG-20251114-WA0033-768x576.jpg 768w, https:\/\/packit.eu\/wp-content\/uploads\/2025\/11\/IMG-20251114-WA0033-1536x1152.jpg 1536w\" sizes=\"(max-width: 2048px) 100vw, 2048px\" \/>\t\t\t\t\t\t\t\t\t\t\t\t\t\t\t<\/div>\n\t\t\t\t<\/div>\n\t\t<div class=\"elementor-element elementor-element-c68ffef e-con-full sp-s full e-flex e-con e-child\" data-id=\"c68ffef\" data-element_type=\"container\" data-e-type=\"container\">\n\t\t\t\t<div class=\"elementor-element elementor-element-9329d8f elementor-widget elementor-widget-heading\" data-id=\"9329d8f\" data-element_type=\"widget\" data-e-type=\"widget\" data-widget_type=\"heading.default\">\n\t\t\t\t\t<h3 class=\"elementor-heading-title elementor-size-default\">El m\u00e9todo Packit: sentimiento de familia, diversi\u00f3n y conexi\u00f3n<\/h3>\t\t\t\t<\/div>\n\t\t\t\t<div class=\"elementor-element elementor-element-871c9fa elementor-widget elementor-widget-text-editor\" data-id=\"871c9fa\" data-element_type=\"widget\" data-e-type=\"widget\" data-widget_type=\"text-editor.default\">\n\t\t\t\t\t\t\t\t\t<p>En Packit creemos que los equipos fuertes se crean a trav\u00e9s de la conexi\u00f3n. Por eso, lo hicimos al estilo Packit: <\/p><ul><li>Disfrutar juntos de un almuerzo t\u00edpico holand\u00e9s en nuestro acogedor bar.<\/li><li>Celebrar los \u00e9xitos con azulejos TOPPER para los ganadores de nuestro desaf\u00edo interno.<\/li><li>Y&#8230; \u00a1el Packit Pubquiz dirigido por Suus: la forma ideal de combinar diversi\u00f3n y esp\u00edritu de equipo!<\/li><\/ul>\t\t\t\t\t\t\t\t<\/div>\n\t\t\t\t<\/div>\n\t\t<div class=\"elementor-element elementor-element-4619283 e-con-full sp-s full e-flex e-con e-child\" data-id=\"4619283\" data-element_type=\"container\" data-e-type=\"container\">\n\t\t\t\t<div class=\"elementor-element elementor-element-326fc8b elementor-widget elementor-widget-image\" data-id=\"326fc8b\" data-element_type=\"widget\" data-e-type=\"widget\" data-widget_type=\"image.default\">\n\t\t\t\t\t\t\t\t\t\t\t\t\t\t\t<img decoding=\"async\" width=\"2048\" height=\"1176\" src=\"https:\/\/packit.eu\/wp-content\/uploads\/2025\/11\/pubquiz-def-2048x1176.jpg\" class=\"attachment-2048x2048 size-2048x2048 wp-image-33383\" alt=\"Packit -\" srcset=\"https:\/\/packit.eu\/wp-content\/uploads\/2025\/11\/pubquiz-def-scaled.jpg 2048w, https:\/\/packit.eu\/wp-content\/uploads\/2025\/11\/pubquiz-def-300x172.jpg 300w, https:\/\/packit.eu\/wp-content\/uploads\/2025\/11\/pubquiz-def-1024x588.jpg 1024w, https:\/\/packit.eu\/wp-content\/uploads\/2025\/11\/pubquiz-def-768x441.jpg 768w, https:\/\/packit.eu\/wp-content\/uploads\/2025\/11\/pubquiz-def-1536x882.jpg 1536w\" sizes=\"(max-width: 2048px) 100vw, 2048px\">\t\t\t\t\t\t\t\t\t\t\t\t\t\t\t<\/div>\n\t\t\t\t<\/div>\n\t\t<div class=\"elementor-element elementor-element-63b74fc e-con-full sp-s full e-flex e-con e-child\" data-id=\"63b74fc\" data-element_type=\"container\" data-e-type=\"container\">\n\t\t\t\t<div class=\"elementor-element elementor-element-0e4365c elementor-widget elementor-widget-heading\" data-id=\"0e4365c\" data-element_type=\"widget\" data-e-type=\"widget\" data-widget_type=\"heading.default\">\n\t\t\t\t\t<h3 class=\"elementor-heading-title elementor-size-default\">Colaboraci\u00f3n internacional<\/h3>\t\t\t\t<\/div>\n\t\t\t\t<div class=\"elementor-element elementor-element-e7144f1 elementor-widget elementor-widget-text-editor\" data-id=\"e7144f1\" data-element_type=\"widget\" data-e-type=\"widget\" data-widget_type=\"text-editor.default\">\n\t\t\t\t\t\t\t\t\t<p>\u00bfQu\u00e9 hizo que esta sesi\u00f3n fuera a\u00fan m\u00e1s especial? Todos los pa\u00edses en los que Packit est\u00e1 activo estuvieron representados. De este modo, no solo reforzamos nuestra experiencia local, sino que tambi\u00e9n construimos una red internacional que apoya a nuestros clientes en toda Europa.  <\/p>\t\t\t\t\t\t\t\t<\/div>\n\t\t\t\t<\/div>\n\t\t<div class=\"elementor-element elementor-element-4e34c2fe e-con-full sp-s e-flex e-con e-child\" data-id=\"4e34c2fe\" data-element_type=\"container\" data-e-type=\"container\">\n\t\t\t\t<div class=\"elementor-element elementor-element-16ee773 elementor-widget elementor-widget-text-editor\" data-id=\"16ee773\" data-element_type=\"widget\" data-e-type=\"widget\" data-widget_type=\"text-editor.default\">\n\t\t\t\t\t\t\t\t\t\u00abEstos d\u00edas demuestran lo poderosa que es la colaboraci\u00f3n. Al compartir conocimientos y desafiarnos mutuamente, establecemos juntos el rumbo para 2026. Esa es la forma de Packit: aprender, conectar y divertirse\u00bb. \u2013 Ilja Snoek\t\t\t\t\t\t\t\t<\/div>\n\t\t\t\t<\/div>\n\t\t<div class=\"elementor-element elementor-element-b039771 e-con-full sp-s full e-flex e-con e-child\" data-id=\"b039771\" data-element_type=\"container\" data-e-type=\"container\">\n\t\t\t\t<div class=\"elementor-element elementor-element-5ae3ab6 elementor-widget elementor-widget-image\" data-id=\"5ae3ab6\" data-element_type=\"widget\" data-e-type=\"widget\" data-widget_type=\"image.default\">\n\t\t\t\t\t\t\t\t\t\t\t\t\t\t\t<img decoding=\"async\" width=\"1000\" height=\"750\" src=\"https:\/\/packit.eu\/wp-content\/uploads\/2025\/11\/IMG-20251114-WA0039.jpg\" class=\"attachment-2048x2048 size-2048x2048 wp-image-33388\" alt=\"Zeeman, caso pr\u00e1ctico\" srcset=\"https:\/\/packit.eu\/wp-content\/uploads\/2025\/11\/IMG-20251114-WA0039.jpg 1000w, https:\/\/packit.eu\/wp-content\/uploads\/2025\/11\/IMG-20251114-WA0039-300x225.jpg 300w, https:\/\/packit.eu\/wp-content\/uploads\/2025\/11\/IMG-20251114-WA0039-768x576.jpg 768w\" sizes=\"(max-width: 1000px) 100vw, 1000px\" \/>\t\t\t\t\t\t\t\t\t\t\t\t\t\t\t<\/div>\n\t\t\t\t<\/div>\n\t\t<div class=\"elementor-element elementor-element-c6796f6 e-con-full sp-s full e-flex e-con e-child\" data-id=\"c6796f6\" data-element_type=\"container\" data-e-type=\"container\">\n\t\t\t\t<div class=\"elementor-element elementor-element-db10d17 elementor-widget elementor-widget-heading\" data-id=\"db10d17\" data-element_type=\"widget\" data-e-type=\"widget\" data-widget_type=\"heading.default\">\n\t\t\t\t\t<h3 class=\"elementor-heading-title elementor-size-default\">Por qu\u00e9 estos d\u00edas son importantes<\/h3>\t\t\t\t<\/div>\n\t\t\t\t<div class=\"elementor-element elementor-element-dada087 elementor-widget elementor-widget-text-editor\" data-id=\"dada087\" data-element_type=\"widget\" data-e-type=\"widget\" data-widget_type=\"text-editor.default\">\n\t\t\t\t\t\t\t\t\tEstas sesiones son m\u00e1s que una reuni\u00f3n interna. Son una inversi\u00f3n en nuestro crecimiento conjunto y en la calidad de nuestros servicios. Al compartir conocimientos, mejorar los procesos y desafiarnos mutuamente, construimos asociaciones sostenibles y soluciones innovadoras para el mercado minorista europeo.  \t\t\t\t\t\t\t\t<\/div>\n\t\t\t\t<\/div>\n\t\t<div class=\"elementor-element elementor-element-a08e987 e-con-full sp-s full e-flex e-con e-child\" data-id=\"a08e987\" data-element_type=\"container\" data-e-type=\"container\">\n\t\t\t\t<div class=\"elementor-element elementor-element-b187a5e elementor-widget elementor-widget-image\" data-id=\"b187a5e\" data-element_type=\"widget\" data-e-type=\"widget\" data-widget_type=\"image.default\">\n\t\t\t\t\t\t\t\t\t\t\t\t\t\t\t<img loading=\"lazy\" decoding=\"async\" width=\"2048\" height=\"1536\" src=\"https:\/\/packit.eu\/wp-content\/uploads\/2025\/11\/IMG-20251114-WA0029.jpg\" class=\"attachment-2048x2048 size-2048x2048 wp-image-33384\" alt=\"Packit -\" srcset=\"https:\/\/packit.eu\/wp-content\/uploads\/2025\/11\/IMG-20251114-WA0029.jpg 2048w, https:\/\/packit.eu\/wp-content\/uploads\/2025\/11\/IMG-20251114-WA0029-300x225.jpg 300w, https:\/\/packit.eu\/wp-content\/uploads\/2025\/11\/IMG-20251114-WA0029-1024x768.jpg 1024w, https:\/\/packit.eu\/wp-content\/uploads\/2025\/11\/IMG-20251114-WA0029-768x576.jpg 768w, https:\/\/packit.eu\/wp-content\/uploads\/2025\/11\/IMG-20251114-WA0029-1536x1152.jpg 1536w\" sizes=\"(max-width: 2048px) 100vw, 2048px\">\t\t\t\t\t\t\t\t\t\t\t\t\t\t\t<\/div>\n\t\t\t\t<\/div>\n\t\t<div class=\"elementor-element elementor-element-44d00d6 e-con-full sp-s full e-flex e-con e-child\" data-id=\"44d00d6\" data-element_type=\"container\" data-e-type=\"container\">\n\t\t\t\t<div class=\"elementor-element elementor-element-db3c648 elementor-widget elementor-widget-heading\" data-id=\"db3c648\" data-element_type=\"widget\" data-e-type=\"widget\" data-widget_type=\"heading.default\">\n\t\t\t\t\t<h3 class=\"elementor-heading-title elementor-size-default\">Juntos marcamos la diferencia<\/h3>\t\t\t\t<\/div>\n\t\t\t\t<div class=\"elementor-element elementor-element-d7ac989 elementor-widget elementor-widget-text-editor\" data-id=\"d7ac989\" data-element_type=\"widget\" data-e-type=\"widget\" data-widget_type=\"text-editor.default\">\n\t\t\t\t\t\t\t\t\t<p>Gracias a todos los que han contribuido a estos d\u00edas inspiradores. Juntos establecemos el rumbo para 2026, con impacto, energ\u00eda y el sentimiento de familia de Packit. <\/p>\t\t\t\t\t\t\t\t<\/div>\n\t\t\t\t<\/div>\n\t\t<div class=\"elementor-element elementor-element-4d0a7130 sp-s full e-flex e-con-boxed e-con e-parent\" data-id=\"4d0a7130\" data-element_type=\"container\" data-e-type=\"container\">\n\t\t\t\t\t<div class=\"e-con-inner\">\n\t\t\t\t<div class=\"elementor-element elementor-element-1d799cfd elementor-widget elementor-widget-eael-creative-button\" data-id=\"1d799cfd\" data-element_type=\"widget\" data-e-type=\"widget\" data-widget_type=\"eael-creative-button.default\">\n\t\t\t\t\t        <div class=\"eael-creative-button-wrapper\">\n\n            <a class=\"eael-creative-button eael-creative-button--default eael-cb-icon-position-left\" href=\"https:\/\/packit.eu\/nl\/over-ons\/ons-team\/#sales\" data-text=\"\">\n            \t    \n                <div class=\"creative-button-inner\">\n\n                                            <span class=\"eael-creative-button-icon-left\"><svg xmlns=\"http:\/\/www.w3.org\/2000\/svg\" width=\"38\" height=\"38\" viewBox=\"0 0 38 38\" fill=\"none\"><path d=\"M19 1C28.9415 1 37 9.05851 37 19C37 28.9415 28.9415 37 19 37C9.05851 37 1 28.9415 1 19C1 9.05851 9.05851 1 19 1Z\" stroke=\"white\" stroke-width=\"2\"><\/path><path d=\"M18.3408 9.81784C19.0397 11.4225 20.2848 12.8729 21.7461 13.9848C23.1745 15.0717 24.8417 15.858 26.4668 16.144V21.2231C24.8308 21.538 23.157 22.408 21.7275 23.604C20.262 24.8302 19.0214 26.4259 18.3291 28.1821H11.8789C12.4364 26.4227 13.2904 24.9337 14.2598 23.6616L14.2588 23.6606C15.8006 21.7054 17.6773 20.0972 19.75 18.9799L20.6064 18.519L19.7334 18.0913C17.7869 17.1374 16.0158 15.7896 14.5322 14.1606L14.2393 13.8315C13.2888 12.6954 12.4528 11.3731 11.8994 9.81784H18.3408Z\" fill=\"white\" stroke=\"white\"><\/path><\/svg><\/span>                    \n                    <span class=\"cretive-button-text\">\u00bfQuiere conocer a nuestros compa\u00f1eros internacionales?<\/span>\n\n                                    <\/div>\n\t                        <\/a>\n        <\/div>\n        \t\t\t\t<\/div>\n\t\t\t\t\t<\/div>\n\t\t\t\t<\/div>\n\t\t\t\t<\/div>\n\t\t","protected":false},"excerpt":{"rendered":"<p>Reflexi\u00f3n, inspiraci\u00f3n y acci\u00f3n Bajo la direcci\u00f3n de Ilja, esta reuni\u00f3n se centr\u00f3 en tres pilares: mirar hacia atr\u00e1s, mirar hacia adelante y actuar. Reflexionamos sobre 2025, debatimos sobre nuestros principales aprendizajes y los tradujimos en planes concretos para 2026. Desde sesiones interactivas sobre el conocimiento del cliente y el trabajo basado en datos hasta [&hellip;]<\/p>\n","protected":false},"author":2,"featured_media":33387,"comment_status":"closed","ping_status":"closed","sticky":false,"template":"","format":"standard","meta":{"_acf_changed":false,"inline_featured_image":false,"footnotes":""},"categories":[366],"tags":[409],"class_list":["post-33374","post","type-post","status-publish","format-standard","has-post-thumbnail","hentry","category-sin-categoria","tag-sobre-nosotros"],"acf":[],"_links":{"self":[{"href":"https:\/\/packit.eu\/es\/wp-json\/wp\/v2\/posts\/33374","targetHints":{"allow":["GET"]}}],"collection":[{"href":"https:\/\/packit.eu\/es\/wp-json\/wp\/v2\/posts"}],"about":[{"href":"https:\/\/packit.eu\/es\/wp-json\/wp\/v2\/types\/post"}],"author":[{"embeddable":true,"href":"https:\/\/packit.eu\/es\/wp-json\/wp\/v2\/users\/2"}],"replies":[{"embeddable":true,"href":"https:\/\/packit.eu\/es\/wp-json\/wp\/v2\/comments?post=33374"}],"version-history":[{"count":3,"href":"https:\/\/packit.eu\/es\/wp-json\/wp\/v2\/posts\/33374\/revisions"}],"predecessor-version":[{"id":43601,"href":"https:\/\/packit.eu\/es\/wp-json\/wp\/v2\/posts\/33374\/revisions\/43601"}],"wp:featuredmedia":[{"embeddable":true,"href":"https:\/\/packit.eu\/es\/wp-json\/wp\/v2\/media\/33387"}],"wp:attachment":[{"href":"https:\/\/packit.eu\/es\/wp-json\/wp\/v2\/media?parent=33374"}],"wp:term":[{"taxonomy":"category","embeddable":true,"href":"https:\/\/packit.eu\/es\/wp-json\/wp\/v2\/categories?post=33374"},{"taxonomy":"post_tag","embeddable":true,"href":"https:\/\/packit.eu\/es\/wp-json\/wp\/v2\/tags?post=33374"}],"curies":[{"name":"wp","href":"https:\/\/api.w.org\/{rel}","templated":true}]}}