{"id":32664,"date":"2025-12-12T12:19:24","date_gmt":"2025-12-12T12:19:24","guid":{"rendered":"https:\/\/packit.eu\/serie-de-blogs-le-parfum-comme-affirmation-opportunites-pour-les-detaillants\/"},"modified":"2025-12-12T12:26:11","modified_gmt":"2025-12-12T12:26:11","slug":"serie-de-blogs-le-parfum-comme-affirmation-opportunites-pour-les-detaillants","status":"publish","type":"post","link":"https:\/\/packit.eu\/fr\/serie-de-blogs-le-parfum-comme-affirmation-opportunites-pour-les-detaillants\/","title":{"rendered":"S\u00e9rie de blogs&nbsp;: Le parfum comme affirmation \u2013 Opportunit\u00e9s pour les d\u00e9taillants"},"content":{"rendered":"\t\t<div data-elementor-type=\"wp-post\" data-elementor-id=\"32664\" class=\"elementor elementor-32664 elementor-32504\" data-elementor-post-type=\"post\">\n\t\t\t\t<div class=\"elementor-element elementor-element-104794e e-con-full sp-s full e-flex e-con e-child\" data-id=\"104794e\" data-element_type=\"container\" data-e-type=\"container\">\n\t\t\t\t<div class=\"elementor-element elementor-element-191105e elementor-widget elementor-widget-text-editor\" data-id=\"191105e\" data-element_type=\"widget\" data-e-type=\"widget\" data-widget_type=\"text-editor.default\">\n\t\t\t\t\t\t\t\t\tLa premi\u00e8re \u00e9tape consiste \u00e0 cr\u00e9er le ou les bons parfums. Le parfum est subjectif, mais au sein de la cat\u00e9gorie, il existe des valeurs s\u00fbres \u00e9videntes qui fonctionnent toujours bien aupr\u00e8s du grand public. Les parfums les plus populaires sont souvent ceux qui \u00e9voquent une sensation de propret\u00e9, de fra\u00eecheur et de luxe, ou qui sont directement li\u00e9s \u00e0 la d\u00e9tente et au confort. Pensez au coton frais (frais), \u00e0 l\u2019ambre et \u00e0 la vanille (chaud et luxueux) et \u00e0 la lavande (relaxant).    \t\t\t\t\t\t\t\t<\/div>\n\t\t\t\t<\/div>\n\t\t<div class=\"elementor-element elementor-element-33781a57 e-con-full sp-s full e-flex e-con e-child\" data-id=\"33781a57\" data-element_type=\"container\" data-e-type=\"container\">\n\t\t\t\t<div class=\"elementor-element elementor-element-3f3c8de8 elementor-widget elementor-widget-image\" data-id=\"3f3c8de8\" data-element_type=\"widget\" data-e-type=\"widget\" data-widget_type=\"image.default\">\n\t\t\t\t\t\t\t\t\t\t\t\t\t\t\t<img fetchpriority=\"high\" decoding=\"async\" width=\"2048\" height=\"1152\" src=\"https:\/\/packit.eu\/wp-content\/uploads\/2025\/12\/General-NPD-Presentation_page-0002-2048x1152.jpg\" class=\"attachment-2048x2048 size-2048x2048 wp-image-32647\" alt=\"Parfums\" srcset=\"https:\/\/packit.eu\/wp-content\/uploads\/2025\/12\/General-NPD-Presentation_page-0002-scaled.jpg 2048w, https:\/\/packit.eu\/wp-content\/uploads\/2025\/12\/General-NPD-Presentation_page-0002-300x169.jpg 300w, https:\/\/packit.eu\/wp-content\/uploads\/2025\/12\/General-NPD-Presentation_page-0002-1024x576.jpg 1024w, https:\/\/packit.eu\/wp-content\/uploads\/2025\/12\/General-NPD-Presentation_page-0002-768x432.jpg 768w, https:\/\/packit.eu\/wp-content\/uploads\/2025\/12\/General-NPD-Presentation_page-0002-1536x864.jpg 1536w\" sizes=\"(max-width: 2048px) 100vw, 2048px\" \/>\t\t\t\t\t\t\t\t\t\t\t\t\t\t\t<\/div>\n\t\t\t\t<\/div>\n\t\t<div class=\"elementor-element elementor-element-0c1bb6f e-con-full sp-s full e-flex e-con e-child\" data-id=\"0c1bb6f\" data-element_type=\"container\" data-e-type=\"container\">\n\t\t\t\t<div class=\"elementor-element elementor-element-ba01b07 elementor-widget elementor-widget-heading\" data-id=\"ba01b07\" data-element_type=\"widget\" data-e-type=\"widget\" data-widget_type=\"heading.default\">\n\t\t\t\t\t<h3 class=\"elementor-heading-title elementor-size-default\">Une propre gamme de parfums comme \u00ab&nbsp;signature&nbsp;\u00bb <\/h3>\t\t\t\t<\/div>\n\t\t\t\t<div class=\"elementor-element elementor-element-a2101e2 elementor-widget elementor-widget-text-editor\" data-id=\"a2101e2\" data-element_type=\"widget\" data-e-type=\"widget\" data-widget_type=\"text-editor.default\">\n\t\t\t\t\t\t\t\t\t<p>La question est alors la suivante&nbsp;: comment rester original et distinctif lorsque les best-sellers sont disponibles partout&nbsp;? Chez Packit, nous d\u00e9veloppons avec nos clients des gammes de parfums exclusives sous marque de distributeur. <\/p><p>Des parfums d\u00e9riv\u00e9s des best-sellers, mais l\u00e9g\u00e8rement plus complexes ou enrichis d\u2019une touche unique. Du musc blanc enrichi de f\u00e8ves tonka, par exemple&#8230; Familier, reconnaissable et pourtant \u00e9tonnamment diff\u00e9rent. Positionnez votre propre gamme comme une \u00ab&nbsp;signature&nbsp;\u00bb et choisissez des noms qui r\u00e9sonnent et racontent une histoire qui correspond \u00e0 l\u2019identit\u00e9 de votre marque.   <\/p>\t\t\t\t\t\t\t\t<\/div>\n\t\t\t\t<\/div>\n\t\t<div class=\"elementor-element elementor-element-bc4ac5c e-con-full sp-s full e-flex e-con e-child\" data-id=\"bc4ac5c\" data-element_type=\"container\" data-e-type=\"container\">\n\t\t\t\t<div class=\"elementor-element elementor-element-71aaef9 elementor-widget elementor-widget-heading\" data-id=\"71aaef9\" data-element_type=\"widget\" data-e-type=\"widget\" data-widget_type=\"heading.default\">\n\t\t\t\t\t<h3 class=\"elementor-heading-title elementor-size-default\">Pr\u00e9sentation des rayons&nbsp;: la cat\u00e9gorie des parfums comme destination<\/h3>\t\t\t\t<\/div>\n\t\t\t\t<div class=\"elementor-element elementor-element-e543025 elementor-widget elementor-widget-text-editor\" data-id=\"e543025\" data-element_type=\"widget\" data-e-type=\"widget\" data-widget_type=\"text-editor.default\">\n\t\t\t\t\t\t\t\t\t<p>Ne pr\u00e9sentez plus les parfums comme un simple d\u00e9tail pratique, mais comme un incontournable pour lequel les clients viennent sp\u00e9cialement dans votre magasin. Cela n\u00e9cessite une exp\u00e9rience olfactive maximale dans le magasin et une pr\u00e9sentation optimale des rayons. <\/p><p>Cr\u00e9ez par exemple des \u00ab&nbsp;coins parfum\u00e9s&nbsp;\u00bb o\u00f9 les clients peuvent d\u00e9couvrir tranquillement les parfums. La tendance de l\u2019exp\u00e9rience olfactive se manifeste du corps et des v\u00eatements au logement, au lieu de travail et \u00e0 la voiture. Cela offre la possibilit\u00e9 de d\u00e9velopper une collection compl\u00e8te de parfums et de pr\u00e9senter des ensembles&nbsp;: par exemple, du parfum pour le linge, du parfum d\u2019int\u00e9rieur et du parfum pour voiture sur un seul pr\u00e9sentoir. \u00c9galement agr\u00e9able comme coffret cadeau. Tirez parti de l\u2019aspect cadeau en proposant des emballages de luxe et des coffrets cadeaux. Choisissez \u00e9ventuellement des parfums de saison et des \u00e9ditions limit\u00e9es.     <\/p>\t\t\t\t\t\t\t\t<\/div>\n\t\t\t\t<\/div>\n\t\t<div class=\"elementor-element elementor-element-19bda70 e-con-full sp-s full e-flex e-con e-child\" data-id=\"19bda70\" data-element_type=\"container\" data-e-type=\"container\">\n\t\t\t\t<div class=\"elementor-element elementor-element-399db9c elementor-widget elementor-widget-image\" data-id=\"399db9c\" data-element_type=\"widget\" data-e-type=\"widget\" data-widget_type=\"image.default\">\n\t\t\t\t\t\t\t\t\t\t\t\t\t\t\t<img decoding=\"async\" width=\"2048\" height=\"1366\" src=\"https:\/\/packit.eu\/wp-content\/uploads\/2025\/12\/KFV_packit_18-06-2025_LR-1547.jpg\" class=\"attachment-2048x2048 size-2048x2048 wp-image-32653\" alt=\"Daili, parfum\" srcset=\"https:\/\/packit.eu\/wp-content\/uploads\/2025\/12\/KFV_packit_18-06-2025_LR-1547.jpg 2048w, https:\/\/packit.eu\/wp-content\/uploads\/2025\/12\/KFV_packit_18-06-2025_LR-1547-300x200.jpg 300w, https:\/\/packit.eu\/wp-content\/uploads\/2025\/12\/KFV_packit_18-06-2025_LR-1547-1024x683.jpg 1024w, https:\/\/packit.eu\/wp-content\/uploads\/2025\/12\/KFV_packit_18-06-2025_LR-1547-768x512.jpg 768w, https:\/\/packit.eu\/wp-content\/uploads\/2025\/12\/KFV_packit_18-06-2025_LR-1547-1536x1025.jpg 1536w\" sizes=\"(max-width: 2048px) 100vw, 2048px\" \/>\t\t\t\t\t\t\t\t\t\t\t\t\t\t\t<\/div>\n\t\t\t\t<\/div>\n\t\t<div class=\"elementor-element elementor-element-b520c1c e-con-full sp-s full e-flex e-con e-child\" data-id=\"b520c1c\" data-element_type=\"container\" data-e-type=\"container\">\n\t\t\t\t<div class=\"elementor-element elementor-element-9b17d7f elementor-widget elementor-widget-heading\" data-id=\"9b17d7f\" data-element_type=\"widget\" data-e-type=\"widget\" data-widget_type=\"heading.default\">\n\t\t\t\t\t<h3 class=\"elementor-heading-title elementor-size-default\">Miniatures \u00e0 emporter <\/h3>\t\t\t\t<\/div>\n\t\t\t\t<div class=\"elementor-element elementor-element-e5f1219 elementor-widget elementor-widget-text-editor\" data-id=\"e5f1219\" data-element_type=\"widget\" data-e-type=\"widget\" data-widget_type=\"text-editor.default\">\n\t\t\t\t\t\t\t\t\t<p>Tirez parti du d\u00e9sir du consommateur de pouvoir conserver et renforcer l\u2019exp\u00e9rience olfactive souhait\u00e9e partout et \u00e0 tout moment. Proposez des miniatures et des formats de voyage. Non seulement pratiques pour les d\u00e9placements, mais aussi abaissant le seuil. De par leur format compact et leur prix plus bas, les miniatures sont des achats impulsifs parfaits et des ajouts id\u00e9aux \u00e0 la caisse ou au rayon des produits principaux.   <\/p><p>Curieux de conna\u00eetre les opportunit\u00e9s des parfums pour votre formule de vente au d\u00e9tail sp\u00e9cifique&nbsp;? Contactez Ilja Snoek via <a href=\"mailto:i.snoek@packit.eu\">i.snoek@packit.eu<\/a> pour plus d\u2019informations. <\/p>\t\t\t\t\t\t\t\t<\/div>\n\t\t\t\t<\/div>\n\t\t<div class=\"elementor-element elementor-element-906b170 e-con-full sp-s full e-flex e-con e-child\" data-id=\"906b170\" data-element_type=\"container\" data-e-type=\"container\">\n\t\t\t\t<div class=\"elementor-element elementor-element-a14d425 elementor-widget elementor-widget-heading\" data-id=\"a14d425\" data-element_type=\"widget\" data-e-type=\"widget\" data-widget_type=\"heading.default\">\n\t\t\t\t\t<h5 class=\"elementor-heading-title elementor-size-default\">Quelle est la prochaine \u00e9tape&nbsp;? <\/h5>\t\t\t\t<\/div>\n\t\t\t\t<div class=\"elementor-element elementor-element-b7b1950 elementor-widget elementor-widget-text-editor\" data-id=\"b7b1950\" data-element_type=\"widget\" data-e-type=\"widget\" data-widget_type=\"text-editor.default\">\n\t\t\t\t\t\t\t\t\tDans la partie&nbsp;3 de la s\u00e9rie de blogs, nous examinerons de plus pr\u00e8s les tendances actuelles en mati\u00e8re de parfums&nbsp;: Quels parfums ne devraient vraiment pas manquer dans les rayons&nbsp;? \t\t\t\t\t\t\t\t<\/div>\n\t\t\t\t<\/div>\n\t\t<div class=\"elementor-element elementor-element-2b49131d sp-s full e-flex e-con-boxed e-con e-parent\" data-id=\"2b49131d\" data-element_type=\"container\" data-e-type=\"container\">\n\t\t\t\t\t<div class=\"e-con-inner\">\n\t\t\t\t<div class=\"elementor-element elementor-element-4a0b10cf elementor-widget elementor-widget-eael-creative-button\" data-id=\"4a0b10cf\" data-element_type=\"widget\" data-e-type=\"widget\" data-widget_type=\"eael-creative-button.default\">\n\t\t\t\t\t        <div class=\"eael-creative-button-wrapper\">\n\n            <a class=\"eael-creative-button eael-creative-button--default eael-cb-icon-position-left\" href=\"mailto:i.snoek@packit.eu?subject=Geurtrend&#038;body\" data-text=\"\">\n            \t    \n                <div class=\"creative-button-inner\">\n\n                                            <span class=\"eael-creative-button-icon-left\"><svg xmlns=\"http:\/\/www.w3.org\/2000\/svg\" width=\"38\" height=\"38\" viewBox=\"0 0 38 38\" fill=\"none\"><path d=\"M19 1C28.9415 1 37 9.05851 37 19C37 28.9415 28.9415 37 19 37C9.05851 37 1 28.9415 1 19C1 9.05851 9.05851 1 19 1Z\" stroke=\"white\" stroke-width=\"2\"><\/path><path d=\"M18.3408 9.81784C19.0397 11.4225 20.2848 12.8729 21.7461 13.9848C23.1745 15.0717 24.8417 15.858 26.4668 16.144V21.2231C24.8308 21.538 23.157 22.408 21.7275 23.604C20.262 24.8302 19.0214 26.4259 18.3291 28.1821H11.8789C12.4364 26.4227 13.2904 24.9337 14.2598 23.6616L14.2588 23.6606C15.8006 21.7054 17.6773 20.0972 19.75 18.9799L20.6064 18.519L19.7334 18.0913C17.7869 17.1374 16.0158 15.7896 14.5322 14.1606L14.2393 13.8315C13.2888 12.6954 12.4528 11.3731 11.8994 9.81784H18.3408Z\" fill=\"white\" stroke=\"white\"><\/path><\/svg><\/span>                    \n                    <span class=\"cretive-button-text\">Contactez directement Ilja<\/span>\n\n                                    <\/div>\n\t                        <\/a>\n        <\/div>\n        \t\t\t\t<\/div>\n\t\t\t\t\t<\/div>\n\t\t\t\t<\/div>\n\t\t\t\t<\/div>\n\t\t","protected":false},"excerpt":{"rendered":"<p>La premi\u00e8re \u00e9tape consiste \u00e0 cr\u00e9er le ou les bons parfums. Le parfum est subjectif, mais au sein de la cat\u00e9gorie, il existe des valeurs s\u00fbres \u00e9videntes qui fonctionnent toujours bien aupr\u00e8s du grand public. Les parfums les plus populaires sont souvent ceux qui \u00e9voquent une sensation de propret\u00e9, de fra\u00eecheur et de luxe, ou [&hellip;]<\/p>\n","protected":false},"author":2,"featured_media":32523,"comment_status":"closed","ping_status":"closed","sticky":false,"template":"","format":"standard","meta":{"_acf_changed":false,"inline_featured_image":false,"footnotes":""},"categories":[183,360],"tags":[],"class_list":["post-32664","post","type-post","status-publish","format-standard","has-post-thumbnail","hentry","category-produits","category-solutions-de-vente-au-detail"],"acf":[],"_links":{"self":[{"href":"https:\/\/packit.eu\/fr\/wp-json\/wp\/v2\/posts\/32664","targetHints":{"allow":["GET"]}}],"collection":[{"href":"https:\/\/packit.eu\/fr\/wp-json\/wp\/v2\/posts"}],"about":[{"href":"https:\/\/packit.eu\/fr\/wp-json\/wp\/v2\/types\/post"}],"author":[{"embeddable":true,"href":"https:\/\/packit.eu\/fr\/wp-json\/wp\/v2\/users\/2"}],"replies":[{"embeddable":true,"href":"https:\/\/packit.eu\/fr\/wp-json\/wp\/v2\/comments?post=32664"}],"version-history":[{"count":1,"href":"https:\/\/packit.eu\/fr\/wp-json\/wp\/v2\/posts\/32664\/revisions"}],"predecessor-version":[{"id":32665,"href":"https:\/\/packit.eu\/fr\/wp-json\/wp\/v2\/posts\/32664\/revisions\/32665"}],"wp:featuredmedia":[{"embeddable":true,"href":"https:\/\/packit.eu\/fr\/wp-json\/wp\/v2\/media\/32523"}],"wp:attachment":[{"href":"https:\/\/packit.eu\/fr\/wp-json\/wp\/v2\/media?parent=32664"}],"wp:term":[{"taxonomy":"category","embeddable":true,"href":"https:\/\/packit.eu\/fr\/wp-json\/wp\/v2\/categories?post=32664"},{"taxonomy":"post_tag","embeddable":true,"href":"https:\/\/packit.eu\/fr\/wp-json\/wp\/v2\/tags?post=32664"}],"curies":[{"name":"wp","href":"https:\/\/api.w.org\/{rel}","templated":true}]}}