{"id":21781,"date":"2025-10-07T07:12:06","date_gmt":"2025-10-07T07:12:06","guid":{"rendered":"https:\/\/packit.eu\/sacchi-per-rifiuti-da-giardino-riutilizzabili\/"},"modified":"2025-11-10T08:39:57","modified_gmt":"2025-11-10T08:39:57","slug":"sacchi-per-rifiuti-da-giardino-riutilizzabili","status":"publish","type":"post","link":"https:\/\/packit.eu\/it\/sacchi-per-rifiuti-da-giardino-riutilizzabili\/","title":{"rendered":"Sacchi per rifiuti da giardino riutilizzabili"},"content":{"rendered":"\t\t<div data-elementor-type=\"wp-post\" data-elementor-id=\"21781\" class=\"elementor elementor-21781 elementor-18532\" data-elementor-post-type=\"post\">\n\t\t\t\t<div class=\"elementor-element elementor-element-1e36a75b e-con-full sp-s full e-flex e-con e-child\" data-id=\"1e36a75b\" data-element_type=\"container\" data-e-type=\"container\">\n\t\t\t\t<div class=\"elementor-element elementor-element-5ef79f25 elementor-widget elementor-widget-text-editor\" data-id=\"5ef79f25\" data-element_type=\"widget\" data-e-type=\"widget\" data-widget_type=\"text-editor.default\">\n\t\t\t\t\t\t\t\t\tPer le organizzazioni di vendita al dettaglio, questo prodotto offre un&#8217;eccellente opportunit\u00e0 per soddisfare le esigenze stagionali, con un chiaro focus sulla sostenibilit\u00e0 e il riutilizzo. Il sacco \u00e8 compatto e pieghevole, facile da esporre sullo scaffale e con un prezzo interessante per la vendita a volume. Ideale per i category manager che desiderano arricchire il loro assortimento con un prodotto funzionale ed ecologico.  \t\t\t\t\t\t\t\t<\/div>\n\t\t\t\t<\/div>\n\t\t<div class=\"elementor-element elementor-element-8027463 e-con-full sp-s full e-flex e-con e-child\" data-id=\"8027463\" data-element_type=\"container\" data-e-type=\"container\">\n\t\t\t\t<div class=\"elementor-element elementor-element-b2ff976 elementor-widget elementor-widget-image\" data-id=\"b2ff976\" data-element_type=\"widget\" data-e-type=\"widget\" data-widget_type=\"image.default\">\n\t\t\t\t\t\t\t\t\t\t\t\t\t\t\t<img fetchpriority=\"high\" decoding=\"async\" width=\"1920\" height=\"1080\" src=\"https:\/\/packit.eu\/wp-content\/uploads\/2025\/10\/Sales-Pager-Garden-WasteBag-KEYNOTE.003.png\" class=\"attachment-2048x2048 size-2048x2048 wp-image-21786\" alt=\"Packit -\" srcset=\"https:\/\/packit.eu\/wp-content\/uploads\/2025\/10\/Sales-Pager-Garden-WasteBag-KEYNOTE.003.png 1920w, https:\/\/packit.eu\/wp-content\/uploads\/2025\/10\/Sales-Pager-Garden-WasteBag-KEYNOTE.003-300x169.png 300w, https:\/\/packit.eu\/wp-content\/uploads\/2025\/10\/Sales-Pager-Garden-WasteBag-KEYNOTE.003-1024x576.png 1024w, https:\/\/packit.eu\/wp-content\/uploads\/2025\/10\/Sales-Pager-Garden-WasteBag-KEYNOTE.003-768x432.png 768w, https:\/\/packit.eu\/wp-content\/uploads\/2025\/10\/Sales-Pager-Garden-WasteBag-KEYNOTE.003-1536x864.png 1536w\" sizes=\"(max-width: 1920px) 100vw, 1920px\">\t\t\t\t\t\t\t\t\t\t\t\t\t\t\t<\/div>\n\t\t\t\t<\/div>\n\t\t<div class=\"elementor-element elementor-element-104794e e-con-full sp-s full e-flex e-con e-child\" data-id=\"104794e\" data-element_type=\"container\" data-e-type=\"container\">\n\t\t\t\t<div class=\"elementor-element elementor-element-fc70944 elementor-widget elementor-widget-heading\" data-id=\"fc70944\" data-element_type=\"widget\" data-e-type=\"widget\" data-widget_type=\"heading.default\">\n\t\t\t\t\t<h3 class=\"elementor-heading-title elementor-size-default\">Caratteristiche e vantaggi<\/h3>\t\t\t\t<\/div>\n\t\t\t\t<div class=\"elementor-element elementor-element-191105e elementor-widget elementor-widget-text-editor\" data-id=\"191105e\" data-element_type=\"widget\" data-e-type=\"widget\" data-widget_type=\"text-editor.default\">\n\t\t\t\t\t\t\t\t\t<ul><li><strong>Robusto e Durevole<\/strong>: Questi sacchi per rifiuti riutilizzabili hanno un&#8217;eccellente capacit\u00e0 di carico e possono gestire diversi tipi di rifiuti da giardino.<\/li><li><strong>Design Resistente all&#8217;Usura<\/strong>: Il materiale ispessito riduce il rischio di rottura durante l&#8217;uso, permettendoti di pulire senza preoccupazioni.<\/li><li><strong>Impermeabile<\/strong>: Il sacco \u00e8 impermeabile, permettendoti di riporre anche rifiuti da giardino bagnati senza preoccupazioni.<\/li><li><strong>Resistente agli Strappi<\/strong>: Realizzato in materiale resistente agli strappi che resiste alle lacerazioni, anche con rifiuti da giardino pi\u00f9 pesanti.<\/li><li><strong>Aspetto Naturale<\/strong>: Il design verde si integra armoniosamente nell&#8217;ambiente naturale e ispira gli amanti del giardinaggio alla consapevolezza ambientale.<\/li><li><strong>Grande Capacit\u00e0<\/strong>: Ideale per raccogliere una notevole quantit\u00e0 di foglie cadute, erba tagliata e altri rifiuti da giardino, contribuendo a un giardino ordinato.<\/li><\/ul>\t\t\t\t\t\t\t\t<\/div>\n\t\t\t\t<\/div>\n\t\t<div class=\"elementor-element elementor-element-33781a57 e-con-full sp-s full e-flex e-con e-child\" data-id=\"33781a57\" data-element_type=\"container\" data-e-type=\"container\">\n\t\t\t\t<div class=\"elementor-element elementor-element-3f3c8de8 elementor-widget elementor-widget-image\" data-id=\"3f3c8de8\" data-element_type=\"widget\" data-e-type=\"widget\" data-widget_type=\"image.default\">\n\t\t\t\t\t\t\t\t\t\t\t\t\t\t\t<img decoding=\"async\" width=\"1920\" height=\"1080\" src=\"https:\/\/packit.eu\/wp-content\/uploads\/2025\/10\/Sales-Pager-Garden-WasteBag-KEYNOTE.002.png\" class=\"attachment-2048x2048 size-2048x2048 wp-image-21785\" alt=\"Riutilizzabile, sacchi per rifiuti, giardino\" srcset=\"https:\/\/packit.eu\/wp-content\/uploads\/2025\/10\/Sales-Pager-Garden-WasteBag-KEYNOTE.002.png 1920w, https:\/\/packit.eu\/wp-content\/uploads\/2025\/10\/Sales-Pager-Garden-WasteBag-KEYNOTE.002-300x169.png 300w, https:\/\/packit.eu\/wp-content\/uploads\/2025\/10\/Sales-Pager-Garden-WasteBag-KEYNOTE.002-1024x576.png 1024w, https:\/\/packit.eu\/wp-content\/uploads\/2025\/10\/Sales-Pager-Garden-WasteBag-KEYNOTE.002-768x432.png 768w, https:\/\/packit.eu\/wp-content\/uploads\/2025\/10\/Sales-Pager-Garden-WasteBag-KEYNOTE.002-1536x864.png 1536w\" sizes=\"(max-width: 1920px) 100vw, 1920px\" \/>\t\t\t\t\t\t\t\t\t\t\t\t\t\t\t<\/div>\n\t\t\t\t<\/div>\n\t\t<div class=\"elementor-element elementor-element-0c1bb6f e-con-full sp-s full e-flex e-con e-child\" data-id=\"0c1bb6f\" data-element_type=\"container\" data-e-type=\"container\">\n\t\t\t\t<div class=\"elementor-element elementor-element-ba01b07 elementor-widget elementor-widget-heading\" data-id=\"ba01b07\" data-element_type=\"widget\" data-e-type=\"widget\" data-widget_type=\"heading.default\">\n\t\t\t\t\t<h3 class=\"elementor-heading-title elementor-size-default\">Disponibile come Private Label<\/h3>\t\t\t\t<\/div>\n\t\t\t\t<div class=\"elementor-element elementor-element-a2101e2 elementor-widget elementor-widget-text-editor\" data-id=\"a2101e2\" data-element_type=\"widget\" data-e-type=\"widget\" data-widget_type=\"text-editor.default\">\n\t\t\t\t\t\t\t\t\t<p>Desideri aggiungere un prodotto sostenibile e distintivo al tuo assortimento? Il nostro sacco per rifiuti da giardino riutilizzabile \u00e8 disponibile come soluzione private label. Tu decidi il formato, il colore e il branding \u2013 noi ci occupiamo di un prodotto che si adatti perfettamente al tuo marchio e al tuo pubblico di riferimento. Che tu punti alla vendita stagionale o a un posto fisso sullo scaffale, siamo lieti di collaborare con te. Contattaci oggi stesso e scopri come questo sacco per rifiuti da giardino pu\u00f2 rafforzare il tuo assortimento private label.    <\/p>\t\t\t\t\t\t\t\t<\/div>\n\t\t\t\t<\/div>\n\t\t<div class=\"elementor-element elementor-element-64e90b30 sp-s full e-flex e-con-boxed e-con e-parent\" data-id=\"64e90b30\" data-element_type=\"container\" data-e-type=\"container\">\n\t\t\t\t\t<div class=\"e-con-inner\">\n\t\t\t\t<div class=\"elementor-element elementor-element-6c0dddd3 elementor-widget elementor-widget-eael-creative-button\" data-id=\"6c0dddd3\" data-element_type=\"widget\" data-e-type=\"widget\" data-widget_type=\"eael-creative-button.default\">\n\t\t\t\t\t        <div class=\"eael-creative-button-wrapper\">\n\n            <a class=\"eael-creative-button eael-creative-button--default eael-cb-icon-position-left\" href=\"https:\/\/packit.eu\/contact-opnemen\/\" data-text=\"\">\n            \t    \n                <div class=\"creative-button-inner\">\n\n                                            <span class=\"eael-creative-button-icon-left\"><svg xmlns=\"http:\/\/www.w3.org\/2000\/svg\" width=\"38\" height=\"38\" viewBox=\"0 0 38 38\" fill=\"none\"><path d=\"M19 1C28.9415 1 37 9.05851 37 19C37 28.9415 28.9415 37 19 37C9.05851 37 1 28.9415 1 19C1 9.05851 9.05851 1 19 1Z\" stroke=\"white\" stroke-width=\"2\"><\/path><path d=\"M18.3408 9.81784C19.0397 11.4225 20.2848 12.8729 21.7461 13.9848C23.1745 15.0717 24.8417 15.858 26.4668 16.144V21.2231C24.8308 21.538 23.157 22.408 21.7275 23.604C20.262 24.8302 19.0214 26.4259 18.3291 28.1821H11.8789C12.4364 26.4227 13.2904 24.9337 14.2598 23.6616L14.2588 23.6606C15.8006 21.7054 17.6773 20.0972 19.75 18.9799L20.6064 18.519L19.7334 18.0913C17.7869 17.1374 16.0158 15.7896 14.5322 14.1606L14.2393 13.8315C13.2888 12.6954 12.4528 11.3731 11.8994 9.81784H18.3408Z\" fill=\"white\" stroke=\"white\"><\/path><\/svg><\/span>                    \n                    <span class=\"cretive-button-text\">Clicca qui per contattarci direttamente<\/span>\n\n                                    <\/div>\n\t                        <\/a>\n        <\/div>\n        \t\t\t\t<\/div>\n\t\t\t\t\t<\/div>\n\t\t\t\t<\/div>\n\t\t\t\t<\/div>\n\t\t","protected":false},"excerpt":{"rendered":"<p>Per le organizzazioni di vendita al dettaglio, questo prodotto offre un&#8217;eccellente opportunit\u00e0 per soddisfare le esigenze stagionali, con un chiaro focus sulla sostenibilit\u00e0 e il riutilizzo. Il sacco \u00e8 compatto e pieghevole, facile da esporre sullo scaffale e con un prezzo interessante per la vendita a volume. Ideale per i category manager che desiderano arricchire [&hellip;]<\/p>\n","protected":false},"author":2,"featured_media":21783,"comment_status":"closed","ping_status":"closed","sticky":false,"template":"","format":"standard","meta":{"_acf_changed":false,"inline_featured_image":false,"footnotes":""},"categories":[247],"tags":[],"class_list":["post-21781","post","type-post","status-publish","format-standard","has-post-thumbnail","hentry","category-prodotti"],"acf":[],"_links":{"self":[{"href":"https:\/\/packit.eu\/it\/wp-json\/wp\/v2\/posts\/21781","targetHints":{"allow":["GET"]}}],"collection":[{"href":"https:\/\/packit.eu\/it\/wp-json\/wp\/v2\/posts"}],"about":[{"href":"https:\/\/packit.eu\/it\/wp-json\/wp\/v2\/types\/post"}],"author":[{"embeddable":true,"href":"https:\/\/packit.eu\/it\/wp-json\/wp\/v2\/users\/2"}],"replies":[{"embeddable":true,"href":"https:\/\/packit.eu\/it\/wp-json\/wp\/v2\/comments?post=21781"}],"version-history":[{"count":1,"href":"https:\/\/packit.eu\/it\/wp-json\/wp\/v2\/posts\/21781\/revisions"}],"predecessor-version":[{"id":21789,"href":"https:\/\/packit.eu\/it\/wp-json\/wp\/v2\/posts\/21781\/revisions\/21789"}],"wp:featuredmedia":[{"embeddable":true,"href":"https:\/\/packit.eu\/it\/wp-json\/wp\/v2\/media\/21783"}],"wp:attachment":[{"href":"https:\/\/packit.eu\/it\/wp-json\/wp\/v2\/media?parent=21781"}],"wp:term":[{"taxonomy":"category","embeddable":true,"href":"https:\/\/packit.eu\/it\/wp-json\/wp\/v2\/categories?post=21781"},{"taxonomy":"post_tag","embeddable":true,"href":"https:\/\/packit.eu\/it\/wp-json\/wp\/v2\/tags?post=21781"}],"curies":[{"name":"wp","href":"https:\/\/api.w.org\/{rel}","templated":true}]}}