{"id":21965,"date":"2025-09-02T18:33:54","date_gmt":"2025-09-02T18:33:54","guid":{"rendered":"https:\/\/packit.eu\/il-riposizionamento-segna-la-fase-successiva\/"},"modified":"2025-11-10T08:41:47","modified_gmt":"2025-11-10T08:41:47","slug":"il-riposizionamento-segna-la-fase-successiva","status":"publish","type":"post","link":"https:\/\/packit.eu\/it\/il-riposizionamento-segna-la-fase-successiva\/","title":{"rendered":"Il riposizionamento segna la fase successiva"},"content":{"rendered":"\t\t<div data-elementor-type=\"wp-post\" data-elementor-id=\"21965\" class=\"elementor elementor-21965 elementor-8821\" data-elementor-post-type=\"post\">\n\t\t\t\t<div class=\"elementor-element elementor-element-1685cb86 e-con-full sp-s full e-flex e-con e-child\" data-id=\"1685cb86\" data-element_type=\"container\" data-e-type=\"container\">\n\t\t\t\t<div class=\"elementor-element elementor-element-54c0c00d elementor-widget elementor-widget-text-editor\" data-id=\"54c0c00d\" data-element_type=\"widget\" data-e-type=\"widget\" data-widget_type=\"text-editor.default\">\n\t\t\t\t\t\t\t\t\tGli ultimi anni sono stati caratterizzati da una crescita autonoma. Siamo organizzati in modo estremamente efficiente e soprattutto l\u00ec risiede la nostra forza. Doing it the Packit way: con coraggio, entusiasmo e buon senso puntiamo al futuro. Non solo noi siamo cresciuti con questo, ma anche i nostri clienti.    \nIl nostro riposizionamento quindi non cambia nulla di ci\u00f2 che siamo, cosa facciamo e perch\u00e9. D&#8217;ora in poi lo mostreremo solo di pi\u00f9. I valori della nostra azienda familiare come bussola strategica per un legame ancora pi\u00f9 forte con i nostri clienti, dipendenti e stakeholder.   \n\t\t\t\t\t\t\t\t<\/div>\n\t\t\t\t<\/div>\n\t\t<div class=\"elementor-element elementor-element-4e34c2fe e-con-full sp-s e-flex e-con e-child\" data-id=\"4e34c2fe\" data-element_type=\"container\" data-e-type=\"container\">\n\t\t\t\t<div class=\"elementor-element elementor-element-16ee773 elementor-widget elementor-widget-text-editor\" data-id=\"16ee773\" data-element_type=\"widget\" data-e-type=\"widget\" data-widget_type=\"text-editor.default\">\n\t\t\t\t\t\t\t\t\t<p>\u201cCon i piedi per terra e determinati, realistici, con un occhio di riguardo per le persone e ornati dalla quotidianit\u00e0. Semplicemente essere il tuo straordinario s\u00e9, ma sempre azzeccato e quindi ispirare gli altri. Questo \u00e8 Packit!&#8221;<\/p>\t\t\t\t\t\t\t\t<\/div>\n\t\t\t\t<\/div>\n\t\t<div class=\"elementor-element elementor-element-72722fbe e-con-full sp-s full e-flex e-con e-child\" data-id=\"72722fbe\" data-element_type=\"container\" data-e-type=\"container\">\n\t\t\t\t<div class=\"elementor-element elementor-element-74687a23 elementor-widget elementor-widget-heading\" data-id=\"74687a23\" data-element_type=\"widget\" data-e-type=\"widget\" data-widget_type=\"heading.default\">\n\t\t\t\t\t<h3 class=\"elementor-heading-title elementor-size-default\">Fare le cose alla Packit<\/h3>\t\t\t\t<\/div>\n\t\t\t\t<div class=\"elementor-element elementor-element-4535ce8c elementor-widget elementor-widget-text-editor\" data-id=\"4535ce8c\" data-element_type=\"widget\" data-e-type=\"widget\" data-widget_type=\"text-editor.default\">\n\t\t\t\t\t\t\t\t\tContinuiamo a essere un partner strategico per i rivenditori e i grossisti europei in diverse categorie di prodotti per la casa, come sacchi per rifiuti, pellicole per alimenti, sacchetti per alimenti, borse per la spesa, igiene, profumi per bucato e altro ancora. Aiutiamo i nostri clienti a progredire con un assortimento redditizio, efficienza operativa e consumatori soddisfatti. Non solo fornire, ma pensare in modo proattivo e agire. Questo \u00e8 il \u2018Packit way\u2019.   \t\t\t\t\t\t\t\t<\/div>\n\t\t\t\t<\/div>\n\t\t<div class=\"elementor-element elementor-element-65c5c7ae e-con-full sp-s full e-flex e-con e-child\" data-id=\"65c5c7ae\" data-element_type=\"container\" data-e-type=\"container\">\n\t\t\t\t<div class=\"elementor-element elementor-element-6ae94c8b elementor-widget elementor-widget-image\" data-id=\"6ae94c8b\" data-element_type=\"widget\" data-e-type=\"widget\" data-widget_type=\"image.default\">\n\t\t\t\t\t\t\t\t\t\t\t\t\t\t\t<img fetchpriority=\"high\" decoding=\"async\" width=\"2048\" height=\"1366\" src=\"https:\/\/packit.eu\/wp-content\/uploads\/2025\/09\/KFV_Packit_14-04-2025_Sfeerbeelden_LR-5277.jpg\" class=\"attachment-2048x2048 size-2048x2048 wp-image-21968\" alt=\"Packit way\" srcset=\"https:\/\/packit.eu\/wp-content\/uploads\/2025\/09\/KFV_Packit_14-04-2025_Sfeerbeelden_LR-5277.jpg 2048w, https:\/\/packit.eu\/wp-content\/uploads\/2025\/09\/KFV_Packit_14-04-2025_Sfeerbeelden_LR-5277-300x200.jpg 300w, https:\/\/packit.eu\/wp-content\/uploads\/2025\/09\/KFV_Packit_14-04-2025_Sfeerbeelden_LR-5277-1024x683.jpg 1024w, https:\/\/packit.eu\/wp-content\/uploads\/2025\/09\/KFV_Packit_14-04-2025_Sfeerbeelden_LR-5277-768x512.jpg 768w, https:\/\/packit.eu\/wp-content\/uploads\/2025\/09\/KFV_Packit_14-04-2025_Sfeerbeelden_LR-5277-1536x1025.jpg 1536w\" sizes=\"(max-width: 2048px) 100vw, 2048px\" \/>\t\t\t\t\t\t\t\t\t\t\t\t\t\t\t<\/div>\n\t\t\t\t<\/div>\n\t\t<div class=\"elementor-element elementor-element-c68ffef e-con-full sp-s full e-flex e-con e-child\" data-id=\"c68ffef\" data-element_type=\"container\" data-e-type=\"container\">\n\t\t\t\t<div class=\"elementor-element elementor-element-9329d8f elementor-widget elementor-widget-heading\" data-id=\"9329d8f\" data-element_type=\"widget\" data-e-type=\"widget\" data-widget_type=\"heading.default\">\n\t\t\t\t\t<h3 class=\"elementor-heading-title elementor-size-default\">Top of mind in Europa <\/h3>\t\t\t\t<\/div>\n\t\t\t\t<div class=\"elementor-element elementor-element-871c9fa elementor-widget elementor-widget-text-editor\" data-id=\"871c9fa\" data-element_type=\"widget\" data-e-type=\"widget\" data-widget_type=\"text-editor.default\">\n\t\t\t\t\t\t\t\t\tI nostri prodotti sono attualmente disponibili in pi\u00f9 di 20 diversi paesi europei e abbiamo quattro sedi di vendita e due sedi di produzione. Leen racconta: \u201cAspiriamo a una posizione top of mind in Europa. Utilizziamo l&#8217;efficienza e le economie di scala della nostra rete europea per servire ancora meglio e pi\u00f9 velocemente i singoli clienti.\u201d \t\t\t\t\t\t\t\t<\/div>\n\t\t\t\t<\/div>\n\t\t<div class=\"elementor-element elementor-element-75b9479 e-con-full sp-s full e-flex e-con e-child\" data-id=\"75b9479\" data-element_type=\"container\" data-e-type=\"container\">\n\t\t\t\t<div class=\"elementor-element elementor-element-66c38fb elementor-widget elementor-widget-image\" data-id=\"66c38fb\" data-element_type=\"widget\" data-e-type=\"widget\" data-widget_type=\"image.default\">\n\t\t\t\t\t\t\t\t\t\t\t\t\t\t\t<img decoding=\"async\" width=\"2048\" height=\"1366\" src=\"https:\/\/packit.eu\/wp-content\/uploads\/2025\/09\/KFV_packit_18-06-2025_LR-0936.jpg\" class=\"attachment-2048x2048 size-2048x2048 wp-image-21969\" alt=\"Packit -\" srcset=\"https:\/\/packit.eu\/wp-content\/uploads\/2025\/09\/KFV_packit_18-06-2025_LR-0936.jpg 2048w, https:\/\/packit.eu\/wp-content\/uploads\/2025\/09\/KFV_packit_18-06-2025_LR-0936-300x200.jpg 300w, https:\/\/packit.eu\/wp-content\/uploads\/2025\/09\/KFV_packit_18-06-2025_LR-0936-1024x683.jpg 1024w, https:\/\/packit.eu\/wp-content\/uploads\/2025\/09\/KFV_packit_18-06-2025_LR-0936-768x512.jpg 768w, https:\/\/packit.eu\/wp-content\/uploads\/2025\/09\/KFV_packit_18-06-2025_LR-0936-1536x1025.jpg 1536w\" sizes=\"(max-width: 2048px) 100vw, 2048px\">\t\t\t\t\t\t\t\t\t\t\t\t\t\t\t<\/div>\n\t\t\t\t<\/div>\n\t\t<div class=\"elementor-element elementor-element-63b74fc e-con-full sp-s full e-flex e-con e-child\" data-id=\"63b74fc\" data-element_type=\"container\" data-e-type=\"container\">\n\t\t\t\t<div class=\"elementor-element elementor-element-0e4365c elementor-widget elementor-widget-heading\" data-id=\"0e4365c\" data-element_type=\"widget\" data-e-type=\"widget\" data-widget_type=\"heading.default\">\n\t\t\t\t\t<h3 class=\"elementor-heading-title elementor-size-default\">Nuovo sito web<\/h3>\t\t\t\t<\/div>\n\t\t\t\t<div class=\"elementor-element elementor-element-e7144f1 elementor-widget elementor-widget-text-editor\" data-id=\"e7144f1\" data-element_type=\"widget\" data-e-type=\"widget\" data-widget_type=\"text-editor.default\">\n\t\t\t\t\t\t\t\t\tUn nuovo posizionamento richiede ovviamente anche nuovi strumenti di comunicazione. Ad esempio, il mese scorso abbiamo lanciato il nostro nuovo sito web. Il sito web funge da potente hub di comunicazione centrale, dove non solo puoi scoprire di pi\u00f9 sulla nostra azienda, i nostri prodotti e servizi, ma soprattutto dove puoi trovare contenuti preziosi e stimolanti. Il sito web \u00e8 disponibile in diverse lingue (questo sar\u00e0 ulteriormente ampliato nel prossimo periodo), il che contribuisce alla nostra visibilit\u00e0 internazionale.    \t\t\t\t\t\t\t\t<\/div>\n\t\t\t\t<\/div>\n\t\t<div class=\"elementor-element elementor-element-c6796f6 e-con-full sp-s full e-flex e-con e-child\" data-id=\"c6796f6\" data-element_type=\"container\" data-e-type=\"container\">\n\t\t\t\t<div class=\"elementor-element elementor-element-d89cd79 elementor-widget elementor-widget-heading\" data-id=\"d89cd79\" data-element_type=\"widget\" data-e-type=\"widget\" data-widget_type=\"heading.default\">\n\t\t\t\t\t<h3 class=\"elementor-heading-title elementor-size-default\">Nuova sede<\/h3>\t\t\t\t<\/div>\n\t\t\t\t<div class=\"elementor-element elementor-element-1b5c580 elementor-widget elementor-widget-text-editor\" data-id=\"1b5c580\" data-element_type=\"widget\" data-e-type=\"widget\" data-widget_type=\"text-editor.default\">\n\t\t\t\t\t\t\t\t\t<p>The Next Level \u00e8 anche contrassegnato dal nostro prossimo trasloco in una nuova sede alla fine del 2026. Da quel momento in poi, continueremo la nostra attivit\u00e0 dall&#8217;hotspot logistico SHIPP21 a Puttershoek, dove il nostro partner <a href=\"https:\/\/www.vandermarktransport.nl\/nl\/\" target=\"_blank\" rel=\"noopener\">Van der Mark Transport<\/a> sta realizzando un nuovo centro di distribuzione. Con un magazzino di 20.000 m\u00b2 e il nostro ufficio insieme a Van der Mark sotto lo stesso tetto, possiamo rafforzare ulteriormente la nostra collaborazione e lavorare in modo ancora pi\u00f9 efficiente. La nuova sede sar\u00e0 costruita secondo gli attuali standard di sostenibilit\u00e0, in modo da essere pronti per il futuro anche in questo settore.   <\/p>\t\t\t\t\t\t\t\t<\/div>\n\t\t\t\t<\/div>\n\t\t<div class=\"elementor-element elementor-element-b039771 e-con-full sp-s full e-flex e-con e-child\" data-id=\"b039771\" data-element_type=\"container\" data-e-type=\"container\">\n\t\t\t\t<div class=\"elementor-element elementor-element-5ae3ab6 elementor-widget elementor-widget-image\" data-id=\"5ae3ab6\" data-element_type=\"widget\" data-e-type=\"widget\" data-widget_type=\"image.default\">\n\t\t\t\t\t\t\t\t\t\t\t\t\t\t\t<img decoding=\"async\" width=\"2048\" height=\"1024\" src=\"https:\/\/packit.eu\/wp-content\/uploads\/2025\/09\/Puttershoek_6-bis-2048x1024.jpg\" class=\"attachment-2048x2048 size-2048x2048 wp-image-21970\" alt=\"Nuova sede Packit\" srcset=\"https:\/\/packit.eu\/wp-content\/uploads\/2025\/09\/Puttershoek_6-bis-2048x1024.jpg 2048w, https:\/\/packit.eu\/wp-content\/uploads\/2025\/09\/Puttershoek_6-bis-300x150.jpg 300w, https:\/\/packit.eu\/wp-content\/uploads\/2025\/09\/Puttershoek_6-bis-1024x512.jpg 1024w, https:\/\/packit.eu\/wp-content\/uploads\/2025\/09\/Puttershoek_6-bis-768x384.jpg 768w, https:\/\/packit.eu\/wp-content\/uploads\/2025\/09\/Puttershoek_6-bis-1536x768.jpg 1536w\" sizes=\"(max-width: 2048px) 100vw, 2048px\" \/>\t\t\t\t\t\t\t\t\t\t\t\t\t\t\t<\/div>\n\t\t\t\t<\/div>\n\t\t\t\t<\/div>\n\t\t","protected":false},"excerpt":{"rendered":"<p>Gli ultimi anni sono stati caratterizzati da una crescita autonoma. Siamo organizzati in modo estremamente efficiente e soprattutto l\u00ec risiede la nostra forza. Doing it the Packit way: con coraggio, entusiasmo e buon senso puntiamo al futuro. Non solo noi siamo cresciuti con questo, ma anche i nostri clienti. Il nostro riposizionamento quindi non cambia [&hellip;]<\/p>\n","protected":false},"author":1,"featured_media":21967,"comment_status":"closed","ping_status":"closed","sticky":false,"template":"","format":"standard","meta":{"_acf_changed":false,"inline_featured_image":false,"footnotes":""},"categories":[234],"tags":[],"class_list":["post-21965","post","type-post","status-publish","format-standard","has-post-thumbnail","hentry","category-senza-categoria"],"acf":[],"_links":{"self":[{"href":"https:\/\/packit.eu\/it\/wp-json\/wp\/v2\/posts\/21965","targetHints":{"allow":["GET"]}}],"collection":[{"href":"https:\/\/packit.eu\/it\/wp-json\/wp\/v2\/posts"}],"about":[{"href":"https:\/\/packit.eu\/it\/wp-json\/wp\/v2\/types\/post"}],"author":[{"embeddable":true,"href":"https:\/\/packit.eu\/it\/wp-json\/wp\/v2\/users\/1"}],"replies":[{"embeddable":true,"href":"https:\/\/packit.eu\/it\/wp-json\/wp\/v2\/comments?post=21965"}],"version-history":[{"count":1,"href":"https:\/\/packit.eu\/it\/wp-json\/wp\/v2\/posts\/21965\/revisions"}],"predecessor-version":[{"id":21975,"href":"https:\/\/packit.eu\/it\/wp-json\/wp\/v2\/posts\/21965\/revisions\/21975"}],"wp:featuredmedia":[{"embeddable":true,"href":"https:\/\/packit.eu\/it\/wp-json\/wp\/v2\/media\/21967"}],"wp:attachment":[{"href":"https:\/\/packit.eu\/it\/wp-json\/wp\/v2\/media?parent=21965"}],"wp:term":[{"taxonomy":"category","embeddable":true,"href":"https:\/\/packit.eu\/it\/wp-json\/wp\/v2\/categories?post=21965"},{"taxonomy":"post_tag","embeddable":true,"href":"https:\/\/packit.eu\/it\/wp-json\/wp\/v2\/tags?post=21965"}],"curies":[{"name":"wp","href":"https:\/\/api.w.org\/{rel}","templated":true}]}}