{"id":22950,"date":"2025-09-11T20:54:46","date_gmt":"2025-09-11T20:54:46","guid":{"rendered":"https:\/\/packit.eu\/sacchetto-per-pattumiera-con-coulisse-elastica\/"},"modified":"2025-11-10T08:48:51","modified_gmt":"2025-11-10T08:48:51","slug":"sacchetto-per-pattumiera-con-coulisse-elastica","status":"publish","type":"post","link":"https:\/\/packit.eu\/it\/sacchetto-per-pattumiera-con-coulisse-elastica\/","title":{"rendered":"Sacchetto per pattumiera con coulisse elastica"},"content":{"rendered":"\t\t<div data-elementor-type=\"wp-post\" data-elementor-id=\"22950\" class=\"elementor elementor-22950 elementor-9941\" data-elementor-post-type=\"post\">\n\t\t\t\t<div class=\"elementor-element elementor-element-1e36a75b e-con-full sp-s full e-flex e-con e-child\" data-id=\"1e36a75b\" data-element_type=\"container\" data-e-type=\"container\">\n\t\t\t\t<div class=\"elementor-element elementor-element-5ef79f25 elementor-widget elementor-widget-text-editor\" data-id=\"5ef79f25\" data-element_type=\"widget\" data-e-type=\"widget\" data-widget_type=\"text-editor.default\">\n\t\t\t\t\t\t\t\t\tIl sacchetto per pattumiera con coulisse elastica Tall \u00e8 inoltre realizzato all&#8217;80% in materiale riciclato. In questo modo, combiniamo la massima praticit\u00e0 d&#8217;uso con materiale riciclato. \t\t\t\t\t\t\t\t<\/div>\n\t\t\t\t<\/div>\n\t\t<div class=\"elementor-element elementor-element-104794e e-con-full sp-s full e-flex e-con e-child\" data-id=\"104794e\" data-element_type=\"container\" data-e-type=\"container\">\n\t\t\t\t<div class=\"elementor-element elementor-element-fc70944 elementor-widget elementor-widget-heading\" data-id=\"fc70944\" data-element_type=\"widget\" data-e-type=\"widget\" data-widget_type=\"heading.default\">\n\t\t\t\t\t<h3 class=\"elementor-heading-title elementor-size-default\">Vantaggi del sacchetto per pattumiera con coulisse elastica <\/h3>\t\t\t\t<\/div>\n\t\t\t\t<div class=\"elementor-element elementor-element-191105e elementor-widget elementor-widget-text-editor\" data-id=\"191105e\" data-element_type=\"widget\" data-e-type=\"widget\" data-widget_type=\"text-editor.default\">\n\t\t\t\t\t\t\t\t\t<ul><li><strong>Vestibilit\u00e0 perfetta<\/strong> \u2013 la fascia di fissaggio elastica impedisce lo scivolamento.<\/li><li><strong>One size fits all<\/strong> \u2013 un sacchetto che si adatta sempre.<\/li><li><strong>Materiale<\/strong> \u2013 realizzato all&#8217;80% in materiale riciclato.<\/li><li><strong>Pratico<\/strong> \u2013 facile da chiudere e da rimuovere igienicamente.<\/li><li><strong>Offerta flessibile<\/strong> \u2013 disponibile in vari colori e capacit\u00e0.<\/li><li>Disponibile con <strong>profumo<\/strong> &amp; <strong>goffratura<\/strong>!<\/li><\/ul>\t\t\t\t\t\t\t\t<\/div>\n\t\t\t\t<\/div>\n\t\t<div class=\"elementor-element elementor-element-33781a57 e-con-full sp-s full e-flex e-con e-child\" data-id=\"33781a57\" data-element_type=\"container\" data-e-type=\"container\">\n\t\t\t\t<div class=\"elementor-element elementor-element-3f3c8de8 elementor-widget elementor-widget-image\" data-id=\"3f3c8de8\" data-element_type=\"widget\" data-e-type=\"widget\" data-widget_type=\"image.default\">\n\t\t\t\t\t\t\t\t\t\t\t\t\t\t\t<img fetchpriority=\"high\" decoding=\"async\" width=\"2048\" height=\"1363\" src=\"https:\/\/packit.eu\/wp-content\/uploads\/2025\/09\/volunteer-hands-holding-garbage-bags-in-a-park-2025-02-12-04-58-32-utc-2048x1363.jpg\" class=\"attachment-2048x2048 size-2048x2048 wp-image-22952\" alt=\"Coulisse elastica due\" srcset=\"https:\/\/packit.eu\/wp-content\/uploads\/2025\/09\/volunteer-hands-holding-garbage-bags-in-a-park-2025-02-12-04-58-32-utc-2048x1363.jpg 2048w, https:\/\/packit.eu\/wp-content\/uploads\/2025\/09\/volunteer-hands-holding-garbage-bags-in-a-park-2025-02-12-04-58-32-utc-300x200.jpg 300w, https:\/\/packit.eu\/wp-content\/uploads\/2025\/09\/volunteer-hands-holding-garbage-bags-in-a-park-2025-02-12-04-58-32-utc-1024x681.jpg 1024w, https:\/\/packit.eu\/wp-content\/uploads\/2025\/09\/volunteer-hands-holding-garbage-bags-in-a-park-2025-02-12-04-58-32-utc-768x511.jpg 768w, https:\/\/packit.eu\/wp-content\/uploads\/2025\/09\/volunteer-hands-holding-garbage-bags-in-a-park-2025-02-12-04-58-32-utc-1536x1022.jpg 1536w\" sizes=\"(max-width: 2048px) 100vw, 2048px\" \/>\t\t\t\t\t\t\t\t\t\t\t\t\t\t\t<\/div>\n\t\t\t\t<\/div>\n\t\t<div class=\"elementor-element elementor-element-0c1bb6f e-con-full sp-s full e-flex e-con e-child\" data-id=\"0c1bb6f\" data-element_type=\"container\" data-e-type=\"container\">\n\t\t\t\t<div class=\"elementor-element elementor-element-ba01b07 elementor-widget elementor-widget-heading\" data-id=\"ba01b07\" data-element_type=\"widget\" data-e-type=\"widget\" data-widget_type=\"heading.default\">\n\t\t\t\t\t<h3 class=\"elementor-heading-title elementor-size-default\">Disponibile a marchio privato<\/h3>\t\t\t\t<\/div>\n\t\t\t\t<div class=\"elementor-element elementor-element-a2101e2 elementor-widget elementor-widget-text-editor\" data-id=\"a2101e2\" data-element_type=\"widget\" data-e-type=\"widget\" data-widget_type=\"text-editor.default\">\n\t\t\t\t\t\t\t\t\tIl sacchetto per pattumiera con coulisse elastica \u00e8 inoltre disponibile come soluzione a marchio privato. Offriamo la possibilit\u00e0 di fornire questo prodotto in diversi formati, profumi &amp; colori, completamente personalizzato per il tuo marchio e il tuo pubblico di riferimento.\nContattaci oggi stesso e scopri come il sacchetto per pattumiera con coulisse elastica pu\u00f2 rafforzare il tuo assortimento a marchio privato. \n\t\t\t\t\t\t\t\t<\/div>\n\t\t\t\t<\/div>\n\t\t<div class=\"elementor-element elementor-element-64e90b30 sp-s full e-flex e-con-boxed e-con e-parent\" data-id=\"64e90b30\" data-element_type=\"container\" data-e-type=\"container\">\n\t\t\t\t\t<div class=\"e-con-inner\">\n\t\t\t\t<div class=\"elementor-element elementor-element-6c0dddd3 elementor-widget elementor-widget-eael-creative-button\" data-id=\"6c0dddd3\" data-element_type=\"widget\" data-e-type=\"widget\" data-widget_type=\"eael-creative-button.default\">\n\t\t\t\t\t        <div class=\"eael-creative-button-wrapper\">\n\n            <a class=\"eael-creative-button eael-creative-button--default eael-cb-icon-position-left\" href=\"https:\/\/packit.eu\/contact-opnemen\/\" data-text=\"\">\n            \t    \n                <div class=\"creative-button-inner\">\n\n                                            <span class=\"eael-creative-button-icon-left\"><svg xmlns=\"http:\/\/www.w3.org\/2000\/svg\" width=\"38\" height=\"38\" viewBox=\"0 0 38 38\" fill=\"none\"><path d=\"M19 1C28.9415 1 37 9.05851 37 19C37 28.9415 28.9415 37 19 37C9.05851 37 1 28.9415 1 19C1 9.05851 9.05851 1 19 1Z\" stroke=\"white\" stroke-width=\"2\"><\/path><path d=\"M18.3408 9.81784C19.0397 11.4225 20.2848 12.8729 21.7461 13.9848C23.1745 15.0717 24.8417 15.858 26.4668 16.144V21.2231C24.8308 21.538 23.157 22.408 21.7275 23.604C20.262 24.8302 19.0214 26.4259 18.3291 28.1821H11.8789C12.4364 26.4227 13.2904 24.9337 14.2598 23.6616L14.2588 23.6606C15.8006 21.7054 17.6773 20.0972 19.75 18.9799L20.6064 18.519L19.7334 18.0913C17.7869 17.1374 16.0158 15.7896 14.5322 14.1606L14.2393 13.8315C13.2888 12.6954 12.4528 11.3731 11.8994 9.81784H18.3408Z\" fill=\"white\" stroke=\"white\"><\/path><\/svg><\/span>                    \n                    <span class=\"cretive-button-text\">Clicca qui per contattarci direttamente<\/span>\n\n                                    <\/div>\n\t                        <\/a>\n        <\/div>\n        \t\t\t\t<\/div>\n\t\t\t\t\t<\/div>\n\t\t\t\t<\/div>\n\t\t\t\t<\/div>\n\t\t","protected":false},"excerpt":{"rendered":"<p>Il sacchetto per pattumiera con coulisse elastica Tall \u00e8 inoltre realizzato all&#8217;80% in materiale riciclato. In questo modo, combiniamo la massima praticit\u00e0 d&#8217;uso con materiale riciclato. Vantaggi del sacchetto per pattumiera con coulisse elastica Vestibilit\u00e0 perfetta \u2013 la fascia di fissaggio elastica impedisce lo scivolamento. One size fits all \u2013 un sacchetto che si adatta [&hellip;]<\/p>\n","protected":false},"author":2,"featured_media":22953,"comment_status":"closed","ping_status":"closed","sticky":false,"template":"","format":"standard","meta":{"_acf_changed":false,"inline_featured_image":false,"footnotes":""},"categories":[299,247],"tags":[],"class_list":["post-22950","post","type-post","status-publish","format-standard","has-post-thumbnail","hentry","category-dumil","category-prodotti"],"acf":[],"_links":{"self":[{"href":"https:\/\/packit.eu\/it\/wp-json\/wp\/v2\/posts\/22950","targetHints":{"allow":["GET"]}}],"collection":[{"href":"https:\/\/packit.eu\/it\/wp-json\/wp\/v2\/posts"}],"about":[{"href":"https:\/\/packit.eu\/it\/wp-json\/wp\/v2\/types\/post"}],"author":[{"embeddable":true,"href":"https:\/\/packit.eu\/it\/wp-json\/wp\/v2\/users\/2"}],"replies":[{"embeddable":true,"href":"https:\/\/packit.eu\/it\/wp-json\/wp\/v2\/comments?post=22950"}],"version-history":[{"count":1,"href":"https:\/\/packit.eu\/it\/wp-json\/wp\/v2\/posts\/22950\/revisions"}],"predecessor-version":[{"id":22954,"href":"https:\/\/packit.eu\/it\/wp-json\/wp\/v2\/posts\/22950\/revisions\/22954"}],"wp:featuredmedia":[{"embeddable":true,"href":"https:\/\/packit.eu\/it\/wp-json\/wp\/v2\/media\/22953"}],"wp:attachment":[{"href":"https:\/\/packit.eu\/it\/wp-json\/wp\/v2\/media?parent=22950"}],"wp:term":[{"taxonomy":"category","embeddable":true,"href":"https:\/\/packit.eu\/it\/wp-json\/wp\/v2\/categories?post=22950"},{"taxonomy":"post_tag","embeddable":true,"href":"https:\/\/packit.eu\/it\/wp-json\/wp\/v2\/tags?post=22950"}],"curies":[{"name":"wp","href":"https:\/\/api.w.org\/{rel}","templated":true}]}}