{"id":21739,"date":"2025-10-29T08:31:37","date_gmt":"2025-10-29T08:31:37","guid":{"rendered":"https:\/\/packit.eu\/packit-w-trasie-spostrzezenia-z-francuskiego-rynku-detalicznego\/"},"modified":"2025-11-19T15:49:12","modified_gmt":"2025-11-19T15:49:12","slug":"packit-w-trasie-spostrzezenia-z-francuskiego-rynku-detalicznego","status":"publish","type":"post","link":"https:\/\/packit.eu\/pl\/packit-w-trasie-spostrzezenia-z-francuskiego-rynku-detalicznego\/","title":{"rendered":"Packit w trasie: spostrze\u017cenia z francuskiego rynku detalicznego"},"content":{"rendered":"\t\t<div data-elementor-type=\"wp-post\" data-elementor-id=\"21739\" class=\"elementor elementor-21739 elementor-20973\" data-elementor-post-type=\"post\">\n\t\t\t\t<div class=\"elementor-element elementor-element-72722fbe e-con-full sp-s full e-flex e-con e-child\" data-id=\"72722fbe\" data-element_type=\"container\" data-e-type=\"container\">\n\t\t\t\t<div class=\"elementor-element elementor-element-74687a23 elementor-widget elementor-widget-heading\" data-id=\"74687a23\" data-element_type=\"widget\" data-e-type=\"widget\" data-widget_type=\"heading.default\">\n\t\t\t\t\t<h3 class=\"elementor-heading-title elementor-size-default\">Tour de France z misj\u0105<\/h3>\t\t\t\t<\/div>\n\t\t\t\t<div class=\"elementor-element elementor-element-4535ce8c elementor-widget elementor-widget-text-editor\" data-id=\"4535ce8c\" data-element_type=\"widget\" data-e-type=\"widget\" data-widget_type=\"text-editor.default\">\n\t\t\t\t\t\t\t\t\tPodczas tego 'Tour de France&#8217; Sanne i Ilja odwiedzili szereg sklep\u00f3w stacjonarnych, rozmawiali z kupcami i badali najnowsze trendy w europejskim handlu detalicznym. To podej\u015bcie wpisuje si\u0119 w nasz\u0105 szersz\u0105 strategi\u0119 pozostawania blisko rynku i proaktywnego reagowania na zmieniaj\u0105ce si\u0119 potrzeby klient\u00f3w i trendy konsumenckie. \t\t\t\t\t\t\t\t<\/div>\n\t\t\t\t<\/div>\n\t\t<div class=\"elementor-element elementor-element-c68ffef e-con-full sp-s full e-flex e-con e-child\" data-id=\"c68ffef\" data-element_type=\"container\" data-e-type=\"container\">\n\t\t\t\t<div class=\"elementor-element elementor-element-9329d8f elementor-widget elementor-widget-heading\" data-id=\"9329d8f\" data-element_type=\"widget\" data-e-type=\"widget\" data-widget_type=\"heading.default\">\n\t\t\t\t\t<h3 class=\"elementor-heading-title elementor-size-default\">Najwa\u017cniejsze spostrze\u017cenia z terenu<\/h3>\t\t\t\t<\/div>\n\t\t\t\t<div class=\"elementor-element elementor-element-871c9fa elementor-widget elementor-widget-text-editor\" data-id=\"871c9fa\" data-element_type=\"widget\" data-e-type=\"widget\" data-widget_type=\"text-editor.default\">\n\t\t\t\t\t\t\t\t\t<ul><li><strong>Centralizacja zakup\u00f3w<\/strong><br>Wyra\u017anym trendem jest rosn\u0105ca centralizacja zakup\u00f3w na poziomie europejskim. Wymaga to precyzyjnego wyczucia czasu, silnej propozycji warto\u015bci i aktywnej obecno\u015bci w mi\u0119dzynarodowych procesach przetargowych. <\/li><li><strong>Zr\u00f3wnowa\u017cony rozw\u00f3j jako twarde wymaganie<br><\/strong>Detali\u015bci stawiaj\u0105 coraz wy\u017csze wymagania w zakresie zr\u00f3wnowa\u017conego rozwoju. Od surowszych przepis\u00f3w dotycz\u0105cych wykorzystania plastiku po konkretne certyfikaty: zr\u00f3wnowa\u017cony rozw\u00f3j nie jest ju\u017c czynnikiem wyr\u00f3\u017cniaj\u0105cym, ale podstawowym wymogiem. <\/li><\/ul><ul><li><strong>Dynamika na p\u00f3\u0142kach<\/strong><br>Asortyment jest w ci\u0105g\u0142ym ruchu. Podczas gdy niekt\u00f3re produkty znikaj\u0105, pojawiaj\u0105 si\u0119 jednocze\u015bnie mo\u017cliwo\u015bci dla innowacyjnych rozwi\u0105za\u0144. Dotyczy to produkt\u00f3w z dodatkiem zapach\u00f3w, inteligentnych opakowa\u0144 i nowych zastosowa\u0144, kt\u00f3re odpowiadaj\u0105 na zmieniaj\u0105ce si\u0119 zachowania konsument\u00f3w.  <\/li><\/ul>\t\t\t\t\t\t\t\t<\/div>\n\t\t\t\t<\/div>\n\t\t<div class=\"elementor-element elementor-element-75b9479 e-con-full sp-s full e-flex e-con e-child\" data-id=\"75b9479\" data-element_type=\"container\" data-e-type=\"container\">\n\t\t\t\t<div class=\"elementor-element elementor-element-66c38fb elementor-widget elementor-widget-image\" data-id=\"66c38fb\" data-element_type=\"widget\" data-e-type=\"widget\" data-widget_type=\"image.default\">\n\t\t\t\t\t\t\t\t\t\t\t\t\t\t\t<img fetchpriority=\"high\" decoding=\"async\" width=\"2048\" height=\"1366\" src=\"https:\/\/packit.eu\/wp-content\/uploads\/2025\/10\/Afbeelding-van-WhatsApp-op-2025-10-29-om-09.43.08_d66b23c5.jpg\" class=\"attachment-2048x2048 size-2048x2048 wp-image-21742\" alt=\"Francja, handel detaliczny, Sanne\" srcset=\"https:\/\/packit.eu\/wp-content\/uploads\/2025\/10\/Afbeelding-van-WhatsApp-op-2025-10-29-om-09.43.08_d66b23c5.jpg 2048w, https:\/\/packit.eu\/wp-content\/uploads\/2025\/10\/Afbeelding-van-WhatsApp-op-2025-10-29-om-09.43.08_d66b23c5-300x200.jpg 300w, https:\/\/packit.eu\/wp-content\/uploads\/2025\/10\/Afbeelding-van-WhatsApp-op-2025-10-29-om-09.43.08_d66b23c5-1024x683.jpg 1024w, https:\/\/packit.eu\/wp-content\/uploads\/2025\/10\/Afbeelding-van-WhatsApp-op-2025-10-29-om-09.43.08_d66b23c5-768x512.jpg 768w, https:\/\/packit.eu\/wp-content\/uploads\/2025\/10\/Afbeelding-van-WhatsApp-op-2025-10-29-om-09.43.08_d66b23c5-1536x1025.jpg 1536w\" sizes=\"(max-width: 2048px) 100vw, 2048px\" \/>\t\t\t\t\t\t\t\t\t\t\t\t\t\t\t<\/div>\n\t\t\t\t<\/div>\n\t\t<div class=\"elementor-element elementor-element-4e34c2fe e-con-full sp-s e-flex e-con e-child\" data-id=\"4e34c2fe\" data-element_type=\"container\" data-e-type=\"container\">\n\t\t\t\t<div class=\"elementor-element elementor-element-16ee773 elementor-widget elementor-widget-text-editor\" data-id=\"16ee773\" data-element_type=\"widget\" data-e-type=\"widget\" data-widget_type=\"text-editor.default\">\n\t\t\t\t\t\t\t\t\t<p>\u201ePowierzchnia sklepu to miejsce, gdzie czuje si\u0119, co si\u0119 dzieje. Te spostrze\u017cenia s\u0105 na wag\u0119 z\u0142ota.&#8221;<\/p><p>&#8211; <strong>Sanne Blokland<\/strong> &#8211;<\/p>\t\t\t\t\t\t\t\t<\/div>\n\t\t\t\t<\/div>\n\t\t<div class=\"elementor-element elementor-element-5413ce2 e-con-full sp-s full e-flex e-con e-child\" data-id=\"5413ce2\" data-element_type=\"container\" data-e-type=\"container\">\n\t\t\t\t<div class=\"elementor-element elementor-element-468e717 elementor-widget elementor-widget-heading\" data-id=\"468e717\" data-element_type=\"widget\" data-e-type=\"widget\" data-widget_type=\"heading.default\">\n\t\t\t\t\t<h3 class=\"elementor-heading-title elementor-size-default\">Od obserwacji do dzia\u0142ania<\/h3>\t\t\t\t<\/div>\n\t\t\t\t<div class=\"elementor-element elementor-element-0f126c3 elementor-widget elementor-widget-text-editor\" data-id=\"0f126c3\" data-element_type=\"widget\" data-e-type=\"widget\" data-widget_type=\"text-editor.default\">\n\t\t\t\t\t\t\t\t\t<p>Warto\u015b\u0107 tej podr\u00f3\u017cy tkwi nie tylko w rozmowach, ale przede wszystkim w spostrze\u017ceniach, kt\u00f3re pomagaj\u0105 nam w strategicznym zarz\u0105dzaniu. B\u0119d\u0105c dos\u0142ownie na powierzchni sklepu, wzmacniamy nasz\u0105 wiedz\u0119 o rynku i dalej budujemy trwa\u0142e relacje z naszymi partnerami. <\/p><p>Dzi\u0119kujemy Sanne i Ilji za ich wnikliwe obserwacje i zaanga\u017cowanie. Ich wysi\u0142ek podkre\u015bla to, za czym stoi Packit: przedsi\u0119biorczo\u015b\u0107, orientacja na rynek i d\u0105\u017cenie do ci\u0105g\u0142ego doskonalenia. <\/p><p><strong>Handel detaliczny nowej generacji zaczyna si\u0119 od s\u0142uchania, uczenia si\u0119 i dzia\u0142ania.<\/strong><\/p>\t\t\t\t\t\t\t\t<\/div>\n\t\t\t\t<\/div>\n\t\t<div class=\"elementor-element elementor-element-ff9f806 e-con-full sp-s full e-flex e-con e-child\" data-id=\"ff9f806\" data-element_type=\"container\" data-e-type=\"container\">\n\t\t\t\t<div class=\"elementor-element elementor-element-ac509ac elementor-widget elementor-widget-heading\" data-id=\"ac509ac\" data-element_type=\"widget\" data-e-type=\"widget\" data-widget_type=\"heading.default\">\n\t\t\t\t\t<h3 class=\"elementor-heading-title elementor-size-default\">Wsp\u00f3\u0142praca we Francji?<\/h3>\t\t\t\t<\/div>\n\t\t\t\t<div class=\"elementor-element elementor-element-c96bdb3 elementor-widget elementor-widget-text-editor\" data-id=\"c96bdb3\" data-element_type=\"widget\" data-e-type=\"widget\" data-widget_type=\"text-editor.default\">\n\t\t\t\t\t\t\t\t\tCzy jeste\u015b zainteresowany mo\u017cliwo\u015bciami na francuskim rynku detalicznym lub chcesz porozmawia\u0107 o wsp\u00f3\u0142pracy?\t\t\t\t\t\t\t\t<\/div>\n\t\t\t\t<\/div>\n\t\t<div class=\"elementor-element elementor-element-6145ca40 sp-s full e-flex e-con-boxed e-con e-parent\" data-id=\"6145ca40\" data-element_type=\"container\" data-e-type=\"container\">\n\t\t\t\t\t<div class=\"e-con-inner\">\n\t\t\t\t<div class=\"elementor-element elementor-element-4dce1507 elementor-widget elementor-widget-eael-creative-button\" data-id=\"4dce1507\" data-element_type=\"widget\" data-e-type=\"widget\" data-widget_type=\"eael-creative-button.default\">\n\t\t\t\t\t        <div class=\"eael-creative-button-wrapper\">\n\n            <a class=\"eael-creative-button eael-creative-button--default eael-cb-icon-position-left\" href=\"https:\/\/packit.eu\/nl\/over-ons\/ons-team\/\" data-text=\"\">\n            \t    \n                <div class=\"creative-button-inner\">\n\n                                            <span class=\"eael-creative-button-icon-left\"><svg xmlns=\"http:\/\/www.w3.org\/2000\/svg\" width=\"38\" height=\"38\" viewBox=\"0 0 38 38\" fill=\"none\"><path d=\"M19 1C28.9415 1 37 9.05851 37 19C37 28.9415 28.9415 37 19 37C9.05851 37 1 28.9415 1 19C1 9.05851 9.05851 1 19 1Z\" stroke=\"white\" stroke-width=\"2\"><\/path><path d=\"M18.3408 9.81784C19.0397 11.4225 20.2848 12.8729 21.7461 13.9848C23.1745 15.0717 24.8417 15.858 26.4668 16.144V21.2231C24.8308 21.538 23.157 22.408 21.7275 23.604C20.262 24.8302 19.0214 26.4259 18.3291 28.1821H11.8789C12.4364 26.4227 13.2904 24.9337 14.2598 23.6616L14.2588 23.6606C15.8006 21.7054 17.6773 20.0972 19.75 18.9799L20.6064 18.519L19.7334 18.0913C17.7869 17.1374 16.0158 15.7896 14.5322 14.1606L14.2393 13.8315C13.2888 12.6954 12.4528 11.3731 11.8994 9.81784H18.3408Z\" fill=\"white\" stroke=\"white\"><\/path><\/svg><\/span>                    \n                    <span class=\"cretive-button-text\">Skontaktuj si\u0119 bezpo\u015brednio z Sanne<\/span>\n\n                                    <\/div>\n\t                        <\/a>\n        <\/div>\n        \t\t\t\t<\/div>\n\t\t\t\t\t<\/div>\n\t\t\t\t<\/div>\n\t\t\t\t<\/div>\n\t\t","protected":false},"excerpt":{"rendered":"<p>Tour de France z misj\u0105 Podczas tego 'Tour de France&#8217; Sanne i Ilja odwiedzili szereg sklep\u00f3w stacjonarnych, rozmawiali z kupcami i badali najnowsze trendy w europejskim handlu detalicznym. To podej\u015bcie wpisuje si\u0119 w nasz\u0105 szersz\u0105 strategi\u0119 pozostawania blisko rynku i proaktywnego reagowania na zmieniaj\u0105ce si\u0119 potrzeby klient\u00f3w i trendy konsumenckie. Najwa\u017cniejsze spostrze\u017cenia z terenu Centralizacja [&hellip;]<\/p>\n","protected":false},"author":2,"featured_media":21741,"comment_status":"closed","ping_status":"closed","sticky":false,"template":"","format":"standard","meta":{"_acf_changed":false,"inline_featured_image":false,"footnotes":""},"categories":[235,363],"tags":[],"class_list":["post-21739","post","type-post","status-publish","format-standard","has-post-thumbnail","hentry","category-bez-kategorii","category-rozwiazania-dla-detalistow"],"acf":[],"_links":{"self":[{"href":"https:\/\/packit.eu\/pl\/wp-json\/wp\/v2\/posts\/21739","targetHints":{"allow":["GET"]}}],"collection":[{"href":"https:\/\/packit.eu\/pl\/wp-json\/wp\/v2\/posts"}],"about":[{"href":"https:\/\/packit.eu\/pl\/wp-json\/wp\/v2\/types\/post"}],"author":[{"embeddable":true,"href":"https:\/\/packit.eu\/pl\/wp-json\/wp\/v2\/users\/2"}],"replies":[{"embeddable":true,"href":"https:\/\/packit.eu\/pl\/wp-json\/wp\/v2\/comments?post=21739"}],"version-history":[{"count":7,"href":"https:\/\/packit.eu\/pl\/wp-json\/wp\/v2\/posts\/21739\/revisions"}],"predecessor-version":[{"id":31607,"href":"https:\/\/packit.eu\/pl\/wp-json\/wp\/v2\/posts\/21739\/revisions\/31607"}],"wp:featuredmedia":[{"embeddable":true,"href":"https:\/\/packit.eu\/pl\/wp-json\/wp\/v2\/media\/21741"}],"wp:attachment":[{"href":"https:\/\/packit.eu\/pl\/wp-json\/wp\/v2\/media?parent=21739"}],"wp:term":[{"taxonomy":"category","embeddable":true,"href":"https:\/\/packit.eu\/pl\/wp-json\/wp\/v2\/categories?post=21739"},{"taxonomy":"post_tag","embeddable":true,"href":"https:\/\/packit.eu\/pl\/wp-json\/wp\/v2\/tags?post=21739"}],"curies":[{"name":"wp","href":"https:\/\/api.w.org\/{rel}","templated":true}]}}