{"id":21748,"date":"2025-10-19T18:11:20","date_gmt":"2025-10-19T18:11:20","guid":{"rendered":"https:\/\/packit.eu\/packit-bierze-udzial-w-tcs-amsterdam-marathon-na-rzecz-dobrej-sprawy\/"},"modified":"2026-02-05T11:29:35","modified_gmt":"2026-02-05T11:29:35","slug":"packit-bierze-udzial-w-tcs-amsterdam-marathon-na-rzecz-dobrej-sprawy","status":"publish","type":"post","link":"https:\/\/packit.eu\/pl\/packit-bierze-udzial-w-tcs-amsterdam-marathon-na-rzecz-dobrej-sprawy\/","title":{"rendered":"Packit bierze udzia\u0142 w TCS Amsterdam Marathon na rzecz dobrej sprawy"},"content":{"rendered":"\t\t<div data-elementor-type=\"wp-post\" data-elementor-id=\"21748\" class=\"elementor elementor-21748 elementor-20640\" data-elementor-post-type=\"post\">\n\t\t\t\t<div class=\"elementor-element elementor-element-1e36a75b e-con-full sp-s full e-flex e-con e-child\" data-id=\"1e36a75b\" data-element_type=\"container\" data-e-type=\"container\">\n\t\t\t\t<div class=\"elementor-element elementor-element-5ef79f25 elementor-widget elementor-widget-text-editor\" data-id=\"5ef79f25\" data-element_type=\"widget\" data-e-type=\"widget\" data-widget_type=\"text-editor.default\">\n\t\t\t\t\t\t\t\t\tDzisiaj nasi koledzy Marijn, Wouter i Lehto stan\u0119li na starcie TCS Amsterdam Marathon. Za po\u015brednictwem Action, sportowo anga\u017cujemy si\u0119 na rzecz Cancer Center Amsterdam w Amsterdam UMC, inicjatywy, kt\u00f3r\u0105 jako Packit z dum\u0105 wspieramy od lat. \ud83d\udc99\n\t\t\t\t\t\t\t\t<\/div>\n\t\t\t\t<\/div>\n\t\t<div class=\"elementor-element elementor-element-11194b5 e-con-full sp-s full e-flex e-con e-child\" data-id=\"11194b5\" data-element_type=\"container\" data-e-type=\"container\">\n\t\t\t\t<div class=\"elementor-element elementor-element-1fba6c9 elementor-widget elementor-widget-image\" data-id=\"1fba6c9\" data-element_type=\"widget\" data-e-type=\"widget\" data-widget_type=\"image.default\">\n\t\t\t\t\t\t\t\t\t\t\t\t\t\t\t<img fetchpriority=\"high\" decoding=\"async\" width=\"1152\" height=\"1338\" src=\"https:\/\/packit.eu\/wp-content\/uploads\/2025\/10\/Afbeelding-van-WhatsApp-op-2025-10-19-om-12.57.53_a3b6d9d3-e1760898779264.jpg\" class=\"attachment-2048x2048 size-2048x2048 wp-image-21753\" alt=\"TCS Marathon.\" srcset=\"https:\/\/packit.eu\/wp-content\/uploads\/2025\/10\/Afbeelding-van-WhatsApp-op-2025-10-19-om-12.57.53_a3b6d9d3-e1760898779264.jpg 1152w, https:\/\/packit.eu\/wp-content\/uploads\/2025\/10\/Afbeelding-van-WhatsApp-op-2025-10-19-om-12.57.53_a3b6d9d3-e1760898779264-258x300.jpg 258w, https:\/\/packit.eu\/wp-content\/uploads\/2025\/10\/Afbeelding-van-WhatsApp-op-2025-10-19-om-12.57.53_a3b6d9d3-e1760898779264-882x1024.jpg 882w, https:\/\/packit.eu\/wp-content\/uploads\/2025\/10\/Afbeelding-van-WhatsApp-op-2025-10-19-om-12.57.53_a3b6d9d3-e1760898779264-768x892.jpg 768w\" sizes=\"(max-width: 1152px) 100vw, 1152px\" \/>\t\t\t\t\t\t\t\t\t\t\t\t\t\t\t<\/div>\n\t\t\t\t<\/div>\n\t\t<div class=\"elementor-element elementor-element-104794e e-con-full sp-s full e-flex e-con e-child\" data-id=\"104794e\" data-element_type=\"container\" data-e-type=\"container\">\n\t\t\t\t<div class=\"elementor-element elementor-element-fc70944 elementor-widget elementor-widget-heading\" data-id=\"fc70944\" data-element_type=\"widget\" data-e-type=\"widget\" data-widget_type=\"heading.default\">\n\t\t\t\t\t<h3 class=\"elementor-heading-title elementor-size-default\">Wsp\u00f3lne uprawianie sportu dla dobrej sprawy<\/h3>\t\t\t\t<\/div>\n\t\t\t\t<div class=\"elementor-element elementor-element-191105e elementor-widget elementor-widget-text-editor\" data-id=\"191105e\" data-element_type=\"widget\" data-e-type=\"widget\" data-widget_type=\"text-editor.default\">\n\t\t\t\t\t\t\t\t\t<p>Od 2016 roku Action wraz z TCS Amsterdam Marathon wspiera prac\u0119 Cancer Center Amsterdam. Poprzez coroczny udzia\u0142, pracownicy Action zbieraj\u0105 fundusze na wa\u017cne badania nad rakiem. Od tego roku Action dodatkowo anga\u017cuje si\u0119 jako wsp\u00f3\u0142sponsor wydarzenia na kolejne trzy lata (2025\u20132027).  <\/p><p>Mi\u0119dzynarodowy dyskont non-food od lat darzy to wydarzenie szczeg\u00f3ln\u0105 sympati\u0105. Co roku ponad 1000 pracownik\u00f3w Action bierze udzia\u0142 w pe\u0142nym lub p\u00f3\u0142maratonie, aby zebra\u0107 pieni\u0105dze na cele charytatywne. Sponsoring jest cz\u0119\u015bci\u0105 Action Sustainability Programme (ASP), poprzez kt\u00f3ry firma anga\u017cuje si\u0119 na rzecz grup wra\u017cliwych w spo\u0142ecze\u0144stwie, ze szczeg\u00f3lnym uwzgl\u0119dnieniem dzieci.  <\/p>\t\t\t\t\t\t\t\t<\/div>\n\t\t\t\t<\/div>\n\t\t<div class=\"elementor-element elementor-element-33781a57 e-con-full sp-s full e-flex e-con e-child\" data-id=\"33781a57\" data-element_type=\"container\" data-e-type=\"container\">\n\t\t\t\t<div class=\"elementor-element elementor-element-3f3c8de8 elementor-widget elementor-widget-image\" data-id=\"3f3c8de8\" data-element_type=\"widget\" data-e-type=\"widget\" data-widget_type=\"image.default\">\n\t\t\t\t\t\t\t\t\t\t\t\t\t\t\t<img decoding=\"async\" width=\"1760\" height=\"2048\" src=\"https:\/\/packit.eu\/wp-content\/uploads\/2025\/10\/Afbeelding-van-WhatsApp-op-2025-10-19-om-17.50.21_ba80afb0.jpg\" class=\"attachment-2048x2048 size-2048x2048 wp-image-21752\" alt=\"Marijn, Maraton\" srcset=\"https:\/\/packit.eu\/wp-content\/uploads\/2025\/10\/Afbeelding-van-WhatsApp-op-2025-10-19-om-17.50.21_ba80afb0.jpg 1760w, https:\/\/packit.eu\/wp-content\/uploads\/2025\/10\/Afbeelding-van-WhatsApp-op-2025-10-19-om-17.50.21_ba80afb0-258x300.jpg 258w, https:\/\/packit.eu\/wp-content\/uploads\/2025\/10\/Afbeelding-van-WhatsApp-op-2025-10-19-om-17.50.21_ba80afb0-880x1024.jpg 880w, https:\/\/packit.eu\/wp-content\/uploads\/2025\/10\/Afbeelding-van-WhatsApp-op-2025-10-19-om-17.50.21_ba80afb0-768x894.jpg 768w, https:\/\/packit.eu\/wp-content\/uploads\/2025\/10\/Afbeelding-van-WhatsApp-op-2025-10-19-om-17.50.21_ba80afb0-1320x1536.jpg 1320w\" sizes=\"(max-width: 1760px) 100vw, 1760px\" \/>\t\t\t\t\t\t\t\t\t\t\t\t\t\t\t<\/div>\n\t\t\t\t<\/div>\n\t\t<div class=\"elementor-element elementor-element-0c1bb6f e-con-full sp-s full e-flex e-con e-child\" data-id=\"0c1bb6f\" data-element_type=\"container\" data-e-type=\"container\">\n\t\t\t\t<div class=\"elementor-element elementor-element-ba01b07 elementor-widget elementor-widget-heading\" data-id=\"ba01b07\" data-element_type=\"widget\" data-e-type=\"widget\" data-widget_type=\"heading.default\">\n\t\t\t\t\t<h3 class=\"elementor-heading-title elementor-size-default\">Dumni z naszego wk\u0142adu<\/h3>\t\t\t\t<\/div>\n\t\t\t\t<div class=\"elementor-element elementor-element-a2101e2 elementor-widget elementor-widget-text-editor\" data-id=\"a2101e2\" data-element_type=\"widget\" data-e-type=\"widget\" data-widget_type=\"text-editor.default\">\n\t\t\t\t\t\t\t\t\t<p>Z dum\u0105 bierzemy udzia\u0142 za po\u015brednictwem Action. Jako sta\u0142y partner, z ca\u0142ego serca przy\u0142\u0105czamy si\u0119 do tej inicjatywy, poniewa\u017c wierzymy w \u0142\u0105czenie ludzi, prac\u0119 zespo\u0142ow\u0105 i zaanga\u017cowanie spo\u0142eczne. <\/p><p>Dzie\u0144 pe\u0142en energii, wsp\u00f3\u0142pracy i znaczenia, dok\u0142adnie tak, jak to robimy:<br><br><strong>Let&#8217;s do it the Packit way!<\/strong><\/p>\t\t\t\t\t\t\t\t<\/div>\n\t\t\t\t<\/div>\n\t\t\t\t<\/div>\n\t\t","protected":false},"excerpt":{"rendered":"<p>Dzisiaj nasi koledzy Marijn, Wouter i Lehto stan\u0119li na starcie TCS Amsterdam Marathon. Za po\u015brednictwem Action, sportowo anga\u017cujemy si\u0119 na rzecz Cancer Center Amsterdam w Amsterdam UMC, inicjatywy, kt\u00f3r\u0105 jako Packit z dum\u0105 wspieramy od lat. \ud83d\udc99 Wsp\u00f3lne uprawianie sportu dla dobrej sprawy Od 2016 roku Action wraz z TCS Amsterdam Marathon wspiera prac\u0119 Cancer [&hellip;]<\/p>\n","protected":false},"author":2,"featured_media":21751,"comment_status":"closed","ping_status":"closed","sticky":false,"template":"","format":"standard","meta":{"_acf_changed":false,"inline_featured_image":false,"footnotes":""},"categories":[235,315],"tags":[350,351,349],"class_list":["post-21748","post","type-post","status-publish","format-standard","has-post-thumbnail","hentry","category-bez-kategorii","category-praca-u-nas","tag-action","tag-dobroczynnosc","tag-maraton"],"acf":[],"_links":{"self":[{"href":"https:\/\/packit.eu\/pl\/wp-json\/wp\/v2\/posts\/21748","targetHints":{"allow":["GET"]}}],"collection":[{"href":"https:\/\/packit.eu\/pl\/wp-json\/wp\/v2\/posts"}],"about":[{"href":"https:\/\/packit.eu\/pl\/wp-json\/wp\/v2\/types\/post"}],"author":[{"embeddable":true,"href":"https:\/\/packit.eu\/pl\/wp-json\/wp\/v2\/users\/2"}],"replies":[{"embeddable":true,"href":"https:\/\/packit.eu\/pl\/wp-json\/wp\/v2\/comments?post=21748"}],"version-history":[{"count":6,"href":"https:\/\/packit.eu\/pl\/wp-json\/wp\/v2\/posts\/21748\/revisions"}],"predecessor-version":[{"id":43610,"href":"https:\/\/packit.eu\/pl\/wp-json\/wp\/v2\/posts\/21748\/revisions\/43610"}],"wp:featuredmedia":[{"embeddable":true,"href":"https:\/\/packit.eu\/pl\/wp-json\/wp\/v2\/media\/21751"}],"wp:attachment":[{"href":"https:\/\/packit.eu\/pl\/wp-json\/wp\/v2\/media?parent=21748"}],"wp:term":[{"taxonomy":"category","embeddable":true,"href":"https:\/\/packit.eu\/pl\/wp-json\/wp\/v2\/categories?post=21748"},{"taxonomy":"post_tag","embeddable":true,"href":"https:\/\/packit.eu\/pl\/wp-json\/wp\/v2\/tags?post=21748"}],"curies":[{"name":"wp","href":"https:\/\/api.w.org\/{rel}","templated":true}]}}