{"id":22941,"date":"2025-09-11T20:54:46","date_gmt":"2025-09-11T20:54:46","guid":{"rendered":"https:\/\/packit.eu\/worek-na-smieci-z-elastyczna-tasma-sciagajaca\/"},"modified":"2025-11-10T08:48:42","modified_gmt":"2025-11-10T08:48:42","slug":"worek-na-smieci-z-elastyczna-tasma-sciagajaca","status":"publish","type":"post","link":"https:\/\/packit.eu\/pl\/worek-na-smieci-z-elastyczna-tasma-sciagajaca\/","title":{"rendered":"Worek na \u015bmieci z elastyczn\u0105 ta\u015bm\u0105 \u015bci\u0105gaj\u0105c\u0105"},"content":{"rendered":"\t\t<div data-elementor-type=\"wp-post\" data-elementor-id=\"22941\" class=\"elementor elementor-22941 elementor-9941\" data-elementor-post-type=\"post\">\n\t\t\t\t<div class=\"elementor-element elementor-element-1e36a75b e-con-full sp-s full e-flex e-con e-child\" data-id=\"1e36a75b\" data-element_type=\"container\" data-e-type=\"container\">\n\t\t\t\t<div class=\"elementor-element elementor-element-5ef79f25 elementor-widget elementor-widget-text-editor\" data-id=\"5ef79f25\" data-element_type=\"widget\" data-e-type=\"widget\" data-widget_type=\"text-editor.default\">\n\t\t\t\t\t\t\t\t\tWorek na \u015bmieci z elastyczn\u0105 ta\u015bm\u0105 \u015bci\u0105gaj\u0105c\u0105 Tall jest ponadto wykonany z 80% materia\u0142u z recyklingu. W ten spos\u00f3b optymalnie \u0142\u0105czymy wygod\u0119 u\u017cytkowania z materia\u0142em z recyklingu. \t\t\t\t\t\t\t\t<\/div>\n\t\t\t\t<\/div>\n\t\t<div class=\"elementor-element elementor-element-104794e e-con-full sp-s full e-flex e-con e-child\" data-id=\"104794e\" data-element_type=\"container\" data-e-type=\"container\">\n\t\t\t\t<div class=\"elementor-element elementor-element-fc70944 elementor-widget elementor-widget-heading\" data-id=\"fc70944\" data-element_type=\"widget\" data-e-type=\"widget\" data-widget_type=\"heading.default\">\n\t\t\t\t\t<h3 class=\"elementor-heading-title elementor-size-default\">Zalety worka na \u015bmieci z elastyczn\u0105 ta\u015bm\u0105 \u015bci\u0105gaj\u0105c\u0105 <\/h3>\t\t\t\t<\/div>\n\t\t\t\t<div class=\"elementor-element elementor-element-191105e elementor-widget elementor-widget-text-editor\" data-id=\"191105e\" data-element_type=\"widget\" data-e-type=\"widget\" data-widget_type=\"text-editor.default\">\n\t\t\t\t\t\t\t\t\t<ul><li><strong>Idealne dopasowanie<\/strong> \u2013 elastyczna ta\u015bma mocuj\u0105ca zapobiega przesuwaniu si\u0119.<\/li><li><strong>Jeden rozmiar pasuje do wszystkich<\/strong> \u2013 jeden worek, kt\u00f3ry zawsze pasuje.<\/li><li><strong>Materia\u0142<\/strong> \u2013 wykonany z 80% materia\u0142u z recyklingu.<\/li><li><strong>Przyjazny dla u\u017cytkownika<\/strong> \u2013 \u0142atwy do zamkni\u0119cia i higienicznego usuni\u0119cia.<\/li><li><strong>Elastyczna oferta<\/strong> \u2013 dost\u0119pny w r\u00f3\u017cnych kolorach i pojemno\u015bciach.<\/li><li>Dost\u0119pny z <strong>zapachem<\/strong> i <strong>t\u0142oczeniem<\/strong>!<\/li><\/ul>\t\t\t\t\t\t\t\t<\/div>\n\t\t\t\t<\/div>\n\t\t<div class=\"elementor-element elementor-element-33781a57 e-con-full sp-s full e-flex e-con e-child\" data-id=\"33781a57\" data-element_type=\"container\" data-e-type=\"container\">\n\t\t\t\t<div class=\"elementor-element elementor-element-3f3c8de8 elementor-widget elementor-widget-image\" data-id=\"3f3c8de8\" data-element_type=\"widget\" data-e-type=\"widget\" data-widget_type=\"image.default\">\n\t\t\t\t\t\t\t\t\t\t\t\t\t\t\t<img fetchpriority=\"high\" decoding=\"async\" width=\"2048\" height=\"1363\" src=\"https:\/\/packit.eu\/wp-content\/uploads\/2025\/09\/volunteer-hands-holding-garbage-bags-in-a-park-2025-02-12-04-58-32-utc-2048x1363.jpg\" class=\"attachment-2048x2048 size-2048x2048 wp-image-22943\" alt=\"Elastyczna ta\u015bma \u015bci\u0105gaj\u0105ca dwa\" srcset=\"https:\/\/packit.eu\/wp-content\/uploads\/2025\/09\/volunteer-hands-holding-garbage-bags-in-a-park-2025-02-12-04-58-32-utc-2048x1363.jpg 2048w, https:\/\/packit.eu\/wp-content\/uploads\/2025\/09\/volunteer-hands-holding-garbage-bags-in-a-park-2025-02-12-04-58-32-utc-300x200.jpg 300w, https:\/\/packit.eu\/wp-content\/uploads\/2025\/09\/volunteer-hands-holding-garbage-bags-in-a-park-2025-02-12-04-58-32-utc-1024x681.jpg 1024w, https:\/\/packit.eu\/wp-content\/uploads\/2025\/09\/volunteer-hands-holding-garbage-bags-in-a-park-2025-02-12-04-58-32-utc-768x511.jpg 768w, https:\/\/packit.eu\/wp-content\/uploads\/2025\/09\/volunteer-hands-holding-garbage-bags-in-a-park-2025-02-12-04-58-32-utc-1536x1022.jpg 1536w\" sizes=\"(max-width: 2048px) 100vw, 2048px\" \/>\t\t\t\t\t\t\t\t\t\t\t\t\t\t\t<\/div>\n\t\t\t\t<\/div>\n\t\t<div class=\"elementor-element elementor-element-0c1bb6f e-con-full sp-s full e-flex e-con e-child\" data-id=\"0c1bb6f\" data-element_type=\"container\" data-e-type=\"container\">\n\t\t\t\t<div class=\"elementor-element elementor-element-ba01b07 elementor-widget elementor-widget-heading\" data-id=\"ba01b07\" data-element_type=\"widget\" data-e-type=\"widget\" data-widget_type=\"heading.default\">\n\t\t\t\t\t<h3 class=\"elementor-heading-title elementor-size-default\">Dost\u0119pny pod mark\u0105 w\u0142asn\u0105<\/h3>\t\t\t\t<\/div>\n\t\t\t\t<div class=\"elementor-element elementor-element-a2101e2 elementor-widget elementor-widget-text-editor\" data-id=\"a2101e2\" data-element_type=\"widget\" data-e-type=\"widget\" data-widget_type=\"text-editor.default\">\n\t\t\t\t\t\t\t\t\tWorek na \u015bmieci z elastyczn\u0105 ta\u015bm\u0105 \u015bci\u0105gaj\u0105c\u0105 jest ponadto dost\u0119pny jako rozwi\u0105zanie pod mark\u0105 w\u0142asn\u0105. Oferujemy mo\u017cliwo\u015b\u0107 dostarczenia tego produktu w r\u00f3\u017cnych formatach, zapachach i kolorach, w pe\u0142ni dostosowanych do Pa\u0144stwa marki i grupy docelowej.\nSkontaktuj si\u0119 z nami ju\u017c dzi\u015b i odkryj, jak worek na \u015bmieci z elastyczn\u0105 ta\u015bm\u0105 \u015bci\u0105gaj\u0105c\u0105 mo\u017ce wzmocni\u0107 Tw\u00f3j asortyment marki w\u0142asnej. \n\t\t\t\t\t\t\t\t<\/div>\n\t\t\t\t<\/div>\n\t\t<div class=\"elementor-element elementor-element-64e90b30 sp-s full e-flex e-con-boxed e-con e-parent\" data-id=\"64e90b30\" data-element_type=\"container\" data-e-type=\"container\">\n\t\t\t\t\t<div class=\"e-con-inner\">\n\t\t\t\t<div class=\"elementor-element elementor-element-6c0dddd3 elementor-widget elementor-widget-eael-creative-button\" data-id=\"6c0dddd3\" data-element_type=\"widget\" data-e-type=\"widget\" data-widget_type=\"eael-creative-button.default\">\n\t\t\t\t\t        <div class=\"eael-creative-button-wrapper\">\n\n            <a class=\"eael-creative-button eael-creative-button--default eael-cb-icon-position-left\" href=\"https:\/\/packit.eu\/contact-opnemen\/\" data-text=\"\">\n            \t    \n                <div class=\"creative-button-inner\">\n\n                                            <span class=\"eael-creative-button-icon-left\"><svg xmlns=\"http:\/\/www.w3.org\/2000\/svg\" width=\"38\" height=\"38\" viewBox=\"0 0 38 38\" fill=\"none\"><path d=\"M19 1C28.9415 1 37 9.05851 37 19C37 28.9415 28.9415 37 19 37C9.05851 37 1 28.9415 1 19C1 9.05851 9.05851 1 19 1Z\" stroke=\"white\" stroke-width=\"2\"><\/path><path d=\"M18.3408 9.81784C19.0397 11.4225 20.2848 12.8729 21.7461 13.9848C23.1745 15.0717 24.8417 15.858 26.4668 16.144V21.2231C24.8308 21.538 23.157 22.408 21.7275 23.604C20.262 24.8302 19.0214 26.4259 18.3291 28.1821H11.8789C12.4364 26.4227 13.2904 24.9337 14.2598 23.6616L14.2588 23.6606C15.8006 21.7054 17.6773 20.0972 19.75 18.9799L20.6064 18.519L19.7334 18.0913C17.7869 17.1374 16.0158 15.7896 14.5322 14.1606L14.2393 13.8315C13.2888 12.6954 12.4528 11.3731 11.8994 9.81784H18.3408Z\" fill=\"white\" stroke=\"white\"><\/path><\/svg><\/span>                    \n                    <span class=\"cretive-button-text\">Kliknij tutaj, aby nawi\u0105za\u0107 bezpo\u015bredni kontakt<\/span>\n\n                                    <\/div>\n\t                        <\/a>\n        <\/div>\n        \t\t\t\t<\/div>\n\t\t\t\t\t<\/div>\n\t\t\t\t<\/div>\n\t\t\t\t<\/div>\n\t\t","protected":false},"excerpt":{"rendered":"<p>Worek na \u015bmieci z elastyczn\u0105 ta\u015bm\u0105 \u015bci\u0105gaj\u0105c\u0105 Tall jest ponadto wykonany z 80% materia\u0142u z recyklingu. W ten spos\u00f3b optymalnie \u0142\u0105czymy wygod\u0119 u\u017cytkowania z materia\u0142em z recyklingu. Zalety worka na \u015bmieci z elastyczn\u0105 ta\u015bm\u0105 \u015bci\u0105gaj\u0105c\u0105 Idealne dopasowanie \u2013 elastyczna ta\u015bma mocuj\u0105ca zapobiega przesuwaniu si\u0119. Jeden rozmiar pasuje do wszystkich \u2013 jeden worek, kt\u00f3ry zawsze pasuje. [&hellip;]<\/p>\n","protected":false},"author":2,"featured_media":22944,"comment_status":"closed","ping_status":"closed","sticky":false,"template":"","format":"standard","meta":{"_acf_changed":false,"inline_featured_image":false,"footnotes":""},"categories":[298,249],"tags":[],"class_list":["post-22941","post","type-post","status-publish","format-standard","has-post-thumbnail","hentry","category-dumil","category-produkty"],"acf":[],"_links":{"self":[{"href":"https:\/\/packit.eu\/pl\/wp-json\/wp\/v2\/posts\/22941","targetHints":{"allow":["GET"]}}],"collection":[{"href":"https:\/\/packit.eu\/pl\/wp-json\/wp\/v2\/posts"}],"about":[{"href":"https:\/\/packit.eu\/pl\/wp-json\/wp\/v2\/types\/post"}],"author":[{"embeddable":true,"href":"https:\/\/packit.eu\/pl\/wp-json\/wp\/v2\/users\/2"}],"replies":[{"embeddable":true,"href":"https:\/\/packit.eu\/pl\/wp-json\/wp\/v2\/comments?post=22941"}],"version-history":[{"count":1,"href":"https:\/\/packit.eu\/pl\/wp-json\/wp\/v2\/posts\/22941\/revisions"}],"predecessor-version":[{"id":22945,"href":"https:\/\/packit.eu\/pl\/wp-json\/wp\/v2\/posts\/22941\/revisions\/22945"}],"wp:featuredmedia":[{"embeddable":true,"href":"https:\/\/packit.eu\/pl\/wp-json\/wp\/v2\/media\/22944"}],"wp:attachment":[{"href":"https:\/\/packit.eu\/pl\/wp-json\/wp\/v2\/media?parent=22941"}],"wp:term":[{"taxonomy":"category","embeddable":true,"href":"https:\/\/packit.eu\/pl\/wp-json\/wp\/v2\/categories?post=22941"},{"taxonomy":"post_tag","embeddable":true,"href":"https:\/\/packit.eu\/pl\/wp-json\/wp\/v2\/tags?post=22941"}],"curies":[{"name":"wp","href":"https:\/\/api.w.org\/{rel}","templated":true}]}}